{"id":74121,"date":"2021-08-31T09:04:47","date_gmt":"2021-08-31T12:04:47","guid":{"rendered":"https:\/\/blogdoedvaldomagalhaes.com.br\/?p=74121"},"modified":"2021-08-31T12:51:24","modified_gmt":"2021-08-31T15:51:24","slug":"medico-e-encontrado-morto-em-banheiro-do-hmv-em-caruaru","status":"publish","type":"post","link":"https:\/\/blogdoedvaldomagalhaes.com.br\/index.php\/2021\/08\/31\/medico-e-encontrado-morto-em-banheiro-do-hmv-em-caruaru\/","title":{"rendered":"M\u00e9dico \u00e9 encontrado morto em banheiro do HMV em Caruaru"},"content":{"rendered":"<p style=\"text-align: justify;\">O m\u00e9dico Ericksson Magno Pereira, de 40 anos, foi encontrado morto, por volta das 6h da manh\u00e3 desta ter\u00e7a-feira (31), no banheiro do Hospital Mestre Vitalino, em Caruaru.\u00a0<\/p>\n<p style=\"text-align: justify;\">Em entrevista ao rep\u00f3rter policial, Adielson Galv\u00e3o, o delegado de plant\u00e3o de Caruaru, Eduardo Sunaga, afirmou que\u00a0<span style=\"font-size: inherit;\">o cad\u00e1ver n\u00e3o apresentava sinais de viol\u00eancia. \u201cEle estava sentando no vaso sanit\u00e1rio do banheiro, encontramos um instrumento junto ao seu corpo, n\u00e3o apresentava qualquer sinal de viol\u00eancia, entretanto s\u00f3 o laudo pericial do Instituto Criminal\u00edstica, \u00e9 quem ir\u00e1 apontar a causa morte dele\u201d, explicou Sunaga.<\/span><\/p>\n<p style=\"text-align: justify;\">Segundo ainda o delegado, n\u00e3o est\u00e1 descartada a hip\u00f3tese de suic\u00eddio. \u201cOs exames periciais ir\u00e3o constatar se ele fez uso de algum medicamento, ou seja, a causa da morte. Conversamos preliminarmente com colegas de trabalho e eles informaram que aparentemente o m\u00e9dico estava vivenciando mais um dia de plant\u00e3o. Infelizmente, aconteceu essa trag\u00e9dia!\u201d, acrescentou.<\/p>\n<p style=\"text-align: justify;\">NOTA &#8211; HOSPITAL MESTRE VITALINO<\/p>\n<p style=\"text-align: justify;\">No in\u00edcio da manh\u00e3 desta ter\u00e7a, 31 de agosto, os profissionais de plant\u00e3o perceberam a aus\u00eancia de um dos m\u00e9dicos que atuava na UTI do Hospital Mestre Vitalino (HMV). Ao entrarem no banheiro da unidade, localizaram o profissional j\u00e1 sem sinais vitais. A \u00e1rea foi isolada, a Pol\u00edcia foi acionada e est\u00e1 no local realizando os devidos procedimentos para a investiga\u00e7\u00e3o. A dire\u00e7\u00e3o do HMV lamenta o ocorrido, e ir\u00e1 acompanhar o trabalho do \u00f3rg\u00e3o competente at\u00e9 o devido esclarecimento do caso.<\/p>\n\n\n<figure class=\"wp-block-image size-large\"><img loading=\"lazy\" decoding=\"async\" width=\"839\" height=\"1024\" src=\"https:\/\/blogdoedvaldomagalhaes.com.br\/wp-content\/uploads\/2021\/08\/IMG-20210831-WA0060-839x1024.jpg\" alt=\"\" class=\"wp-image-74125\" srcset=\"https:\/\/blogdoedvaldomagalhaes.com.br\/wp-content\/uploads\/2021\/08\/IMG-20210831-WA0060-839x1024.jpg 839w, https:\/\/blogdoedvaldomagalhaes.com.br\/wp-content\/uploads\/2021\/08\/IMG-20210831-WA0060-246x300.jpg 246w, https:\/\/blogdoedvaldomagalhaes.com.br\/wp-content\/uploads\/2021\/08\/IMG-20210831-WA0060-768x937.jpg 768w, https:\/\/blogdoedvaldomagalhaes.com.br\/wp-content\/uploads\/2021\/08\/IMG-20210831-WA0060-1259x1536.jpg 1259w, https:\/\/blogdoedvaldomagalhaes.com.br\/wp-content\/uploads\/2021\/08\/IMG-20210831-WA0060.jpg 1284w\" sizes=\"auto, (max-width: 839px) 100vw, 839px\" \/><figcaption>Ericksson Magno<\/figcaption><\/figure>\n","protected":false},"excerpt":{"rendered":"<p>O m\u00e9dico Ericksson Magno Pereira, de 40 anos, foi encontrado morto, por volta das 6h da manh\u00e3 desta ter\u00e7a-feira (31),&hellip;<\/p>\n","protected":false},"author":1,"featured_media":56805,"comment_status":"open","ping_status":"open","sticky":false,"template":"","format":"standard","meta":{"footnotes":""},"categories":[14120],"tags":[2,19532,3450,22656,1950],"class_list":["post-74121","post","type-post","status-publish","format-standard","has-post-thumbnail","hentry","category-noticias","tag-blog-do-edvaldo-magalhaes","tag-blog-mais-acessado-e-visualizado-de-caruaru-e-regiao","tag-hospital-mestre-vitalino","tag-medico-e-encontrado-morto-em-banheiro-do-hmv-em-caruaru","tag-noticias-de-caruaru"],"_links":{"self":[{"href":"https:\/\/blogdoedvaldomagalhaes.com.br\/index.php\/wp-json\/wp\/v2\/posts\/74121","targetHints":{"allow":["GET"]}}],"collection":[{"href":"https:\/\/blogdoedvaldomagalhaes.com.br\/index.php\/wp-json\/wp\/v2\/posts"}],"about":[{"href":"https:\/\/blogdoedvaldomagalhaes.com.br\/index.php\/wp-json\/wp\/v2\/types\/post"}],"author":[{"embeddable":true,"href":"https:\/\/blogdoedvaldomagalhaes.com.br\/index.php\/wp-json\/wp\/v2\/users\/1"}],"replies":[{"embeddable":true,"href":"https:\/\/blogdoedvaldomagalhaes.com.br\/index.php\/wp-json\/wp\/v2\/comments?post=74121"}],"version-history":[{"count":5,"href":"https:\/\/blogdoedvaldomagalhaes.com.br\/index.php\/wp-json\/wp\/v2\/posts\/74121\/revisions"}],"predecessor-version":[{"id":74129,"href":"https:\/\/blogdoedvaldomagalhaes.com.br\/index.php\/wp-json\/wp\/v2\/posts\/74121\/revisions\/74129"}],"wp:featuredmedia":[{"embeddable":true,"href":"https:\/\/blogdoedvaldomagalhaes.com.br\/index.php\/wp-json\/wp\/v2\/media\/56805"}],"wp:attachment":[{"href":"https:\/\/blogdoedvaldomagalhaes.com.br\/index.php\/wp-json\/wp\/v2\/media?parent=74121"}],"wp:term":[{"taxonomy":"category","embeddable":true,"href":"https:\/\/blogdoedvaldomagalhaes.com.br\/index.php\/wp-json\/wp\/v2\/categories?post=74121"},{"taxonomy":"post_tag","embeddable":true,"href":"https:\/\/blogdoedvaldomagalhaes.com.br\/index.php\/wp-json\/wp\/v2\/tags?post=74121"}],"curies":[{"name":"wp","href":"https:\/\/api.w.org\/{rel}","templated":true}]}}