{"id":74117,"date":"2021-08-30T23:04:51","date_gmt":"2021-08-31T02:04:51","guid":{"rendered":"https:\/\/blogdoedvaldomagalhaes.com.br\/?p=74117"},"modified":"2021-08-30T23:04:53","modified_gmt":"2021-08-31T02:04:53","slug":"raquel-lyra-recebe-premio-pelo-combate-a-violencia-contra-a-mulher-em-caruaru","status":"publish","type":"post","link":"https:\/\/blogdoedvaldomagalhaes.com.br\/index.php\/2021\/08\/30\/raquel-lyra-recebe-premio-pelo-combate-a-violencia-contra-a-mulher-em-caruaru\/","title":{"rendered":"Raquel Lyra recebe pr\u00eamio pelo combate \u00e0 viol\u00eancia contra a mulher em Caruaru"},"content":{"rendered":"<p style=\"text-align: justify;\"><span style=\"font-size: inherit;\">A prefeita de Caruaru, Raquel Lyra, recebeu, nesta segunda-feira (30), o Pr\u00eamio Comemorativo de 10 anos da Coordenadoria da Mulher do Tribunal de Justi\u00e7a de Pernambuco. A solenidade aconteceu no audit\u00f3rio da Escola Judicial de Pernambuco.<\/span><\/p>\n<p style=\"text-align: justify;\">A premia\u00e7\u00e3o foi entregue \u00e0 chefe do Executivo municipal pelo juiz da Vara de Viol\u00eancia Dom\u00e9stica e Familiar contra a Mulher de Caruaru, dr. Hildemar Macedo, e pela coordenadora da Mulher do Tribunal pernambucano, desembargadora Daisy Andrade.<\/p>\n<p style=\"text-align: justify;\">Raquel refor\u00e7ou o trabalho que vem sendo desenvolvido na Capital do Agreste na luta contra a viol\u00eancia. &#8220;Temos feito um trabalho muito constante no enfrentamento \u00e0 viol\u00eancia contra a mulher em Caruaru. Tamb\u00e9m contribu\u00edmos na inser\u00e7\u00e3o do programa Dialogando sobre a Lei Maria da Penha na Pandemia e fomos parceiros da Vara de Viol\u00eancia Dom\u00e9stica e Familiar. Agrade\u00e7o ao TJPE pelo reconhecimento. Vamos seguir trabalhando na conscientiza\u00e7\u00e3o, na preven\u00e7\u00e3o e no acolhimento das mulheres&#8221;, finalizou.<\/p>\n\n\n<figure class=\"wp-block-image size-large\"><img loading=\"lazy\" decoding=\"async\" width=\"1024\" height=\"686\" src=\"https:\/\/blogdoedvaldomagalhaes.com.br\/wp-content\/uploads\/2021\/08\/IMG-20210830-WA0305-1024x686.jpg\" alt=\"\" class=\"wp-image-74119\" srcset=\"https:\/\/blogdoedvaldomagalhaes.com.br\/wp-content\/uploads\/2021\/08\/IMG-20210830-WA0305-1024x686.jpg 1024w, https:\/\/blogdoedvaldomagalhaes.com.br\/wp-content\/uploads\/2021\/08\/IMG-20210830-WA0305-300x201.jpg 300w, https:\/\/blogdoedvaldomagalhaes.com.br\/wp-content\/uploads\/2021\/08\/IMG-20210830-WA0305-768x514.jpg 768w, https:\/\/blogdoedvaldomagalhaes.com.br\/wp-content\/uploads\/2021\/08\/IMG-20210830-WA0305.jpg 1242w\" sizes=\"auto, (max-width: 1024px) 100vw, 1024px\" \/><figcaption>Fotos: Jos\u00e9 Brito<\/figcaption><\/figure>\n","protected":false},"excerpt":{"rendered":"<p>A prefeita de Caruaru, Raquel Lyra, recebeu, nesta segunda-feira (30), o Pr\u00eamio Comemorativo de 10 anos da Coordenadoria da Mulher&hellip;<\/p>\n","protected":false},"author":1,"featured_media":74118,"comment_status":"open","ping_status":"open","sticky":false,"template":"","format":"standard","meta":{"footnotes":""},"categories":[14122],"tags":[2,19532,1950,20,22655],"class_list":["post-74117","post","type-post","status-publish","format-standard","has-post-thumbnail","hentry","category-politica","tag-blog-do-edvaldo-magalhaes","tag-blog-mais-acessado-e-visualizado-de-caruaru-e-regiao","tag-noticias-de-caruaru","tag-politica","tag-raquel-lyra-recebe-premio-pelo-combate-a-violencia-contra-a-mulher-em-caruaru"],"_links":{"self":[{"href":"https:\/\/blogdoedvaldomagalhaes.com.br\/index.php\/wp-json\/wp\/v2\/posts\/74117","targetHints":{"allow":["GET"]}}],"collection":[{"href":"https:\/\/blogdoedvaldomagalhaes.com.br\/index.php\/wp-json\/wp\/v2\/posts"}],"about":[{"href":"https:\/\/blogdoedvaldomagalhaes.com.br\/index.php\/wp-json\/wp\/v2\/types\/post"}],"author":[{"embeddable":true,"href":"https:\/\/blogdoedvaldomagalhaes.com.br\/index.php\/wp-json\/wp\/v2\/users\/1"}],"replies":[{"embeddable":true,"href":"https:\/\/blogdoedvaldomagalhaes.com.br\/index.php\/wp-json\/wp\/v2\/comments?post=74117"}],"version-history":[{"count":1,"href":"https:\/\/blogdoedvaldomagalhaes.com.br\/index.php\/wp-json\/wp\/v2\/posts\/74117\/revisions"}],"predecessor-version":[{"id":74120,"href":"https:\/\/blogdoedvaldomagalhaes.com.br\/index.php\/wp-json\/wp\/v2\/posts\/74117\/revisions\/74120"}],"wp:featuredmedia":[{"embeddable":true,"href":"https:\/\/blogdoedvaldomagalhaes.com.br\/index.php\/wp-json\/wp\/v2\/media\/74118"}],"wp:attachment":[{"href":"https:\/\/blogdoedvaldomagalhaes.com.br\/index.php\/wp-json\/wp\/v2\/media?parent=74117"}],"wp:term":[{"taxonomy":"category","embeddable":true,"href":"https:\/\/blogdoedvaldomagalhaes.com.br\/index.php\/wp-json\/wp\/v2\/categories?post=74117"},{"taxonomy":"post_tag","embeddable":true,"href":"https:\/\/blogdoedvaldomagalhaes.com.br\/index.php\/wp-json\/wp\/v2\/tags?post=74117"}],"curies":[{"name":"wp","href":"https:\/\/api.w.org\/{rel}","templated":true}]}}