{"id":74114,"date":"2021-08-30T21:20:46","date_gmt":"2021-08-31T00:20:46","guid":{"rendered":"https:\/\/blogdoedvaldomagalhaes.com.br\/?p=74114"},"modified":"2021-08-30T21:20:47","modified_gmt":"2021-08-31T00:20:47","slug":"erick-lessa-entrega-voto-de-aplauso-a-tv-asa-branca-na-alepe","status":"publish","type":"post","link":"https:\/\/blogdoedvaldomagalhaes.com.br\/index.php\/2021\/08\/30\/erick-lessa-entrega-voto-de-aplauso-a-tv-asa-branca-na-alepe\/","title":{"rendered":"Erick Lessa entrega voto de aplauso \u00e0 TV Asa Branca na Alepe"},"content":{"rendered":"<p style=\"text-align: justify;\"><span style=\"font-size: inherit;\">Completando 30 anos de servi\u00e7os prestados \u00e0 popula\u00e7\u00e3o, a TV Asa Branca foi homenageada na Assembleia Legislativa de Pernambuco (Alepe) nesta segunda-feira (30), no Audit\u00f3rio S\u00e9rgio Guerra. Representantes do Conselho de Gest\u00e3o e demais setores da emissora participaram do evento, no qual foi realizada a entrega de um voto de aplausos concedido por iniciativa do deputado estadual Erick Lessa.<\/span><\/p>\n<p style=\"text-align: justify;\">Em seu discurso, o deputado Erick Lessa destacou a import\u00e2ncia da TV no desenvolvimento da regi\u00e3o. \u201cOs primeiros passos da TV Asa Branca come\u00e7aram em 1991, atrav\u00e9s dos seus s\u00f3cios-diretores e profissionais, que come\u00e7aram uma caminhada de desenvolvimento, que ultrapassa os muros da empresa, contagiando toda uma regi\u00e3o, sempre em busca da excel\u00eancia\u201d, disse.<\/p>\n<p style=\"text-align: justify;\">Entre os representantes da emissora, o jornalista Anderson Melo comparou a miss\u00e3o da empresa com a ave que a nomeia, a qual \u00e9 um s\u00edmbolo do Nordeste. \u201cA asa branca informa a boa-nova da chuva, para que os outros voltem a viver na sua terra, no sert\u00e3o, assim como \u00e9 a nossa miss\u00e3o: informar\u201d, declarou. O diretor-executivo de TV, R\u00e1dio e Novas M\u00eddias na TV Asa Branca, Willame Rocha, mencionou os projetos sociais e culturais promovidos pela TV, e a representante do Conselho de Gest\u00e3o da TV, Shirley Oliveira, ressaltou a aproxima\u00e7\u00e3o da emissora com a sociedade.<\/p>\n<p style=\"text-align: justify;\">Tamb\u00e9m estiveram presentes no evento o diretor de Neg\u00f3cios da Rede Globo Pernambuco, Yuri Leite; os representantes do Conselho de Gest\u00e3o, Shirley Oliveira, Luiza Malta e Geraldo Jorge Esp\u00edndola; al\u00e9m do gerente de conte\u00fado do Grupo Nordeste de Comunica\u00e7\u00e3o, Diego Martinelly e outros colaboradores da emissora. A solenidade foi presidida pelo deputado Eriberto Medeiros.<\/p>\n<p style=\"text-align: justify;\">Foto: Viliane Gomes<\/p>\n","protected":false},"excerpt":{"rendered":"<p>Completando 30 anos de servi\u00e7os prestados \u00e0 popula\u00e7\u00e3o, a TV Asa Branca foi homenageada na Assembleia Legislativa de Pernambuco (Alepe)&hellip;<\/p>\n","protected":false},"author":1,"featured_media":74115,"comment_status":"open","ping_status":"open","sticky":false,"template":"","format":"standard","meta":{"footnotes":""},"categories":[14122],"tags":[2,19532,22654,16754,20],"class_list":["post-74114","post","type-post","status-publish","format-standard","has-post-thumbnail","hentry","category-politica","tag-blog-do-edvaldo-magalhaes","tag-blog-mais-acessado-e-visualizado-de-caruaru-e-regiao","tag-erick-lessa-entrega-voto-de-aplauso-a-tv-asa-branca-na-alepe","tag-noticia-de-caruaru","tag-politica"],"_links":{"self":[{"href":"https:\/\/blogdoedvaldomagalhaes.com.br\/index.php\/wp-json\/wp\/v2\/posts\/74114","targetHints":{"allow":["GET"]}}],"collection":[{"href":"https:\/\/blogdoedvaldomagalhaes.com.br\/index.php\/wp-json\/wp\/v2\/posts"}],"about":[{"href":"https:\/\/blogdoedvaldomagalhaes.com.br\/index.php\/wp-json\/wp\/v2\/types\/post"}],"author":[{"embeddable":true,"href":"https:\/\/blogdoedvaldomagalhaes.com.br\/index.php\/wp-json\/wp\/v2\/users\/1"}],"replies":[{"embeddable":true,"href":"https:\/\/blogdoedvaldomagalhaes.com.br\/index.php\/wp-json\/wp\/v2\/comments?post=74114"}],"version-history":[{"count":1,"href":"https:\/\/blogdoedvaldomagalhaes.com.br\/index.php\/wp-json\/wp\/v2\/posts\/74114\/revisions"}],"predecessor-version":[{"id":74116,"href":"https:\/\/blogdoedvaldomagalhaes.com.br\/index.php\/wp-json\/wp\/v2\/posts\/74114\/revisions\/74116"}],"wp:featuredmedia":[{"embeddable":true,"href":"https:\/\/blogdoedvaldomagalhaes.com.br\/index.php\/wp-json\/wp\/v2\/media\/74115"}],"wp:attachment":[{"href":"https:\/\/blogdoedvaldomagalhaes.com.br\/index.php\/wp-json\/wp\/v2\/media?parent=74114"}],"wp:term":[{"taxonomy":"category","embeddable":true,"href":"https:\/\/blogdoedvaldomagalhaes.com.br\/index.php\/wp-json\/wp\/v2\/categories?post=74114"},{"taxonomy":"post_tag","embeddable":true,"href":"https:\/\/blogdoedvaldomagalhaes.com.br\/index.php\/wp-json\/wp\/v2\/tags?post=74114"}],"curies":[{"name":"wp","href":"https:\/\/api.w.org\/{rel}","templated":true}]}}