{"id":74091,"date":"2021-08-30T12:32:48","date_gmt":"2021-08-30T15:32:48","guid":{"rendered":"https:\/\/blogdoedvaldomagalhaes.com.br\/?p=74091"},"modified":"2021-08-30T12:32:49","modified_gmt":"2021-08-30T15:32:49","slug":"santuario-da-graca-e-invadido-por-ladroes-pela-quarta-vez-e-pm-prende-acusados","status":"publish","type":"post","link":"https:\/\/blogdoedvaldomagalhaes.com.br\/index.php\/2021\/08\/30\/santuario-da-graca-e-invadido-por-ladroes-pela-quarta-vez-e-pm-prende-acusados\/","title":{"rendered":"Santu\u00e1rio da Gra\u00e7a \u00e9 invadido por ladr\u00f5es pela quarta vez, e PM prende acusados"},"content":{"rendered":"<p style=\"text-align: justify;\"><span style=\"font-size: inherit;\">O Santu\u00e1rio da Gra\u00e7a, localizado no bairro Petr\u00f3polis, em Caruaru, foi invadido por ladr\u00f5es na madrugada desta segunda (30). Essa foi a quarta invas\u00e3o no local.<\/span><\/p>\n<p style=\"text-align: justify;\">As c\u00e2meras de seguran\u00e7a registraram dois homens pulando o muro e entrando no estacionamento do Santu\u00e1rio. Eles arrombaram a porta do dep\u00f3sito. A Pol\u00edcia Militar, foi acionada imediatamente, mas os ladr\u00f5es conseguiram fugir, mas n\u00e3o levaram nada.<\/p>\n<p style=\"text-align: justify;\"><span style=\"font-size: inherit;\">Os policiais militares fizeram v\u00e1rias buscas, conseguindo identificar e prender os acusados, que foram levados para a delegacia de plant\u00e3o de Caruaru, onde confessaram o crime.<\/span><\/p>\n<p style=\"text-align: justify;\">A pol\u00edcia segue investigando para saber se mais pessoas est\u00e3o envolvidas nos roubos. A Par\u00f3quia S\u00e3o Jos\u00e9 agradece ao trabalho da Pol\u00edcia Militar, que agiu com rapidez e prud\u00eancia.<\/p>\n","protected":false},"excerpt":{"rendered":"<p>O Santu\u00e1rio da Gra\u00e7a, localizado no bairro Petr\u00f3polis, em Caruaru, foi invadido por ladr\u00f5es na madrugada desta segunda (30). Essa&hellip;<\/p>\n","protected":false},"author":1,"featured_media":74092,"comment_status":"open","ping_status":"open","sticky":false,"template":"","format":"standard","meta":{"footnotes":""},"categories":[14121],"tags":[2,19532,1950,22647],"class_list":["post-74091","post","type-post","status-publish","format-standard","has-post-thumbnail","hentry","category-policial","tag-blog-do-edvaldo-magalhaes","tag-blog-mais-acessado-e-visualizado-de-caruaru-e-regiao","tag-noticias-de-caruaru","tag-santuario-da-graca-e-invadido-por-ladroes-pela-quarta-vez-e-pm-prende-acusados"],"_links":{"self":[{"href":"https:\/\/blogdoedvaldomagalhaes.com.br\/index.php\/wp-json\/wp\/v2\/posts\/74091","targetHints":{"allow":["GET"]}}],"collection":[{"href":"https:\/\/blogdoedvaldomagalhaes.com.br\/index.php\/wp-json\/wp\/v2\/posts"}],"about":[{"href":"https:\/\/blogdoedvaldomagalhaes.com.br\/index.php\/wp-json\/wp\/v2\/types\/post"}],"author":[{"embeddable":true,"href":"https:\/\/blogdoedvaldomagalhaes.com.br\/index.php\/wp-json\/wp\/v2\/users\/1"}],"replies":[{"embeddable":true,"href":"https:\/\/blogdoedvaldomagalhaes.com.br\/index.php\/wp-json\/wp\/v2\/comments?post=74091"}],"version-history":[{"count":1,"href":"https:\/\/blogdoedvaldomagalhaes.com.br\/index.php\/wp-json\/wp\/v2\/posts\/74091\/revisions"}],"predecessor-version":[{"id":74093,"href":"https:\/\/blogdoedvaldomagalhaes.com.br\/index.php\/wp-json\/wp\/v2\/posts\/74091\/revisions\/74093"}],"wp:featuredmedia":[{"embeddable":true,"href":"https:\/\/blogdoedvaldomagalhaes.com.br\/index.php\/wp-json\/wp\/v2\/media\/74092"}],"wp:attachment":[{"href":"https:\/\/blogdoedvaldomagalhaes.com.br\/index.php\/wp-json\/wp\/v2\/media?parent=74091"}],"wp:term":[{"taxonomy":"category","embeddable":true,"href":"https:\/\/blogdoedvaldomagalhaes.com.br\/index.php\/wp-json\/wp\/v2\/categories?post=74091"},{"taxonomy":"post_tag","embeddable":true,"href":"https:\/\/blogdoedvaldomagalhaes.com.br\/index.php\/wp-json\/wp\/v2\/tags?post=74091"}],"curies":[{"name":"wp","href":"https:\/\/api.w.org\/{rel}","templated":true}]}}