{"id":74088,"date":"2021-08-30T11:56:16","date_gmt":"2021-08-30T14:56:16","guid":{"rendered":"https:\/\/blogdoedvaldomagalhaes.com.br\/?p=74088"},"modified":"2021-08-30T11:56:18","modified_gmt":"2021-08-30T14:56:18","slug":"pm-prende-homem-que-estava-com-um-revolver-e-duas-facas-em-caruaru","status":"publish","type":"post","link":"https:\/\/blogdoedvaldomagalhaes.com.br\/index.php\/2021\/08\/30\/pm-prende-homem-que-estava-com-um-revolver-e-duas-facas-em-caruaru\/","title":{"rendered":"PM prende homem que estava com um rev\u00f3lver e duas facas em Caruaru"},"content":{"rendered":"<p style=\"text-align: justify;\"><span style=\"font-size: inherit;\">Na noite desse domingo (29\/08), por volta das 23h, policiais militares da RPMon realizavam rondas no S\u00edtio Encanto, na Rua 08, em Caruaru, para averiguar den\u00fancias de assaltos naquela localidade. <\/span><\/p>\n<p style=\"text-align: justify;\"><span style=\"font-size: inherit;\">O efetivo se deparou com um homem, de 38 anos, com uma faca peixeira na m\u00e3o. Ap\u00f3s abordagem, foram encontrados mais uma faca peixeira, um rev\u00f3lver cal. 38, municiado com cinco muni\u00e7\u00f5es intactas, um aparelho celular, um inv\u00f3lucro com um cigarro e sementes de maconha.\u00a0<\/span><\/p>\n<p style=\"text-align: justify;\"><span style=\"font-size: inherit;\">A ocorr\u00eancia foi conduzida para a Delegacia local para ado\u00e7\u00e3o das medidas legais cab\u00edveis.<\/span><\/p>\n","protected":false},"excerpt":{"rendered":"<p>Na noite desse domingo (29\/08), por volta das 23h, policiais militares da RPMon realizavam rondas no S\u00edtio Encanto, na Rua&hellip;<\/p>\n","protected":false},"author":1,"featured_media":74089,"comment_status":"open","ping_status":"open","sticky":false,"template":"","format":"standard","meta":{"footnotes":""},"categories":[14121],"tags":[2,19532,1950,22646],"class_list":["post-74088","post","type-post","status-publish","format-standard","has-post-thumbnail","hentry","category-policial","tag-blog-do-edvaldo-magalhaes","tag-blog-mais-acessado-e-visualizado-de-caruaru-e-regiao","tag-noticias-de-caruaru","tag-pm-prende-homem-que-estava-com-um-revolver-e-duas-facas-em-caruaru"],"_links":{"self":[{"href":"https:\/\/blogdoedvaldomagalhaes.com.br\/index.php\/wp-json\/wp\/v2\/posts\/74088","targetHints":{"allow":["GET"]}}],"collection":[{"href":"https:\/\/blogdoedvaldomagalhaes.com.br\/index.php\/wp-json\/wp\/v2\/posts"}],"about":[{"href":"https:\/\/blogdoedvaldomagalhaes.com.br\/index.php\/wp-json\/wp\/v2\/types\/post"}],"author":[{"embeddable":true,"href":"https:\/\/blogdoedvaldomagalhaes.com.br\/index.php\/wp-json\/wp\/v2\/users\/1"}],"replies":[{"embeddable":true,"href":"https:\/\/blogdoedvaldomagalhaes.com.br\/index.php\/wp-json\/wp\/v2\/comments?post=74088"}],"version-history":[{"count":1,"href":"https:\/\/blogdoedvaldomagalhaes.com.br\/index.php\/wp-json\/wp\/v2\/posts\/74088\/revisions"}],"predecessor-version":[{"id":74090,"href":"https:\/\/blogdoedvaldomagalhaes.com.br\/index.php\/wp-json\/wp\/v2\/posts\/74088\/revisions\/74090"}],"wp:featuredmedia":[{"embeddable":true,"href":"https:\/\/blogdoedvaldomagalhaes.com.br\/index.php\/wp-json\/wp\/v2\/media\/74089"}],"wp:attachment":[{"href":"https:\/\/blogdoedvaldomagalhaes.com.br\/index.php\/wp-json\/wp\/v2\/media?parent=74088"}],"wp:term":[{"taxonomy":"category","embeddable":true,"href":"https:\/\/blogdoedvaldomagalhaes.com.br\/index.php\/wp-json\/wp\/v2\/categories?post=74088"},{"taxonomy":"post_tag","embeddable":true,"href":"https:\/\/blogdoedvaldomagalhaes.com.br\/index.php\/wp-json\/wp\/v2\/tags?post=74088"}],"curies":[{"name":"wp","href":"https:\/\/api.w.org\/{rel}","templated":true}]}}