{"id":74085,"date":"2021-08-29T19:54:53","date_gmt":"2021-08-29T22:54:53","guid":{"rendered":"https:\/\/blogdoedvaldomagalhaes.com.br\/?p=74085"},"modified":"2021-08-29T19:54:54","modified_gmt":"2021-08-29T22:54:54","slug":"alunos-do-pre-i-e-ii-das-escolas-e-dos-cmeis-e-estudantes-da-eja-de-caruaru-voltam-as-aulas-nesta-segunda-30","status":"publish","type":"post","link":"https:\/\/blogdoedvaldomagalhaes.com.br\/index.php\/2021\/08\/29\/alunos-do-pre-i-e-ii-das-escolas-e-dos-cmeis-e-estudantes-da-eja-de-caruaru-voltam-as-aulas-nesta-segunda-30\/","title":{"rendered":"Alunos do Pr\u00e9 I e II, das escolas e dos CMEIs e estudantes da EJA de Caruaru voltam as aulas nesta segunda (30)"},"content":{"rendered":"<p style=\"text-align: justify;\"><span style=\"font-size: inherit;\">A Secretaria de Educa\u00e7\u00e3o e Esportes de Caruaru, dar\u00e1 in\u00edcio, no pr\u00f3ximo dia 30 de agosto, \u00e0 segunda fase da volta \u00e0s aulas presenciais. Nessa etapa ser\u00e3o contemplados os alunos do Pr\u00e9 I e II, das escolas e dos CMEIs (Centro Municipal de Ensino Infantil), bem como os estudantes da EJA (Educa\u00e7\u00e3o de Jovens e Adultos).<\/span><\/p>\n<p style=\"text-align: justify;\">Nessa nova fase, mais 30 escolas municipais ser\u00e3o abertas, e, a exemplo das 100 que j\u00e1 iniciaram as atividades na primeira etapa, dia 16 (para os alunos do 5\u00b0 e 9\u00b0 anos), tamb\u00e9m estar\u00e3o cumprindo todos os protocolos de medidas de seguran\u00e7a, entre eles, aferi\u00e7\u00e3o de temperatura, uso de m\u00e1scaras, higieniza\u00e7\u00e3o das m\u00e3os com \u00e1lcool em gel e distanciamento entre as bancas.<\/p>\n<p style=\"text-align: justify;\">De acordo com o secret\u00e1rio de Educa\u00e7\u00e3o, Jo\u00e3o Paulo Derocy C\u00eapa, a volta \u00e0s aulas presenciais n\u00e3o \u00e9 obrigat\u00f3ria. &#8220;Para os alunos que optarem pelo n\u00e3o retorno, eles continuar\u00e3o recebendo as aulas de forma remota, por meio do Aula em Casa&#8221;, destaca.<\/p>\n<p style=\"text-align: justify;\">J\u00e1 para os que escolherem as aulas presenciais, as salas contar\u00e3o com um distanciamento de pelo menos um metro entre os alunos. \u201cSe a sala conseguir atender 100% dos estudantes, a turma completa ter\u00e1 aula presencial todos os dias (segunda a sexta). Caso contr\u00e1rio, uma parte assistir\u00e1 \u00e0s aulas de forma presencial em uma semana e a outra ficar\u00e1 on-line e, assim, sucessivamente&#8221;, explica o secret\u00e1rio.<\/p>\n<p style=\"text-align: justify;\">Segundo Jo\u00e3o Paulo \u00e9 de grande import\u00e2ncia essa volta \u00e0s aulas para o desenvolvimento dos estudantes. &#8220;Trazer os alunos de volta para as salas de aula \u00e9 trazer a possibilidade de intera\u00e7\u00e3o e desenvolvimento social, sendo aspectos importantes para a sa\u00fade mental das crian\u00e7as e adolescentes. Voltar \u00e0s aulas \u00e9 retomar um pouco da normalidade que a pandemia nos tirou. E n\u00f3s estamos trabalhando para que esse retorno seja feito com o m\u00e1ximo de seguran\u00e7a, seguindo todos os protocolos da Organiza\u00e7\u00e3o Mundial de Sa\u00fade (OMS)&#8221;, conclui o secret\u00e1rio.<\/p>\n<p style=\"text-align: justify;\">A terceira e \u00faltima fase ter\u00e1 in\u00edcio no dia 13 de setembro, quando retornam os alunos do 1\u00b0 ao 4\u00b0 ano e do 6\u00b0 ao 8\u00b0 ano do Ensino Fundamental, bem como os das ETIs (Escola de Tempo Integral). Nessa etapa, mais 40 escolas ser\u00e3o abertas, totalizando as 140 unidades de ensino atendidas pela rede municipal. Atualmente s\u00e3o mais de 43 mil alunos matriculados.<\/p>\n<p style=\"text-align: justify;\">Foto: Jana\u00edna Pepeu.<\/p>\n","protected":false},"excerpt":{"rendered":"<p>A Secretaria de Educa\u00e7\u00e3o e Esportes de Caruaru, dar\u00e1 in\u00edcio, no pr\u00f3ximo dia 30 de agosto, \u00e0 segunda fase da&hellip;<\/p>\n","protected":false},"author":1,"featured_media":74086,"comment_status":"open","ping_status":"open","sticky":false,"template":"","format":"standard","meta":{"footnotes":""},"categories":[14120],"tags":[22645,2,19532,1950],"class_list":["post-74085","post","type-post","status-publish","format-standard","has-post-thumbnail","hentry","category-noticias","tag-alunos-do-pre-i-e-ii-das-escolas-e-dos-cmeis-e-estudantes-da-eja-de-caruaru-voltam-as-aulas-nesta-segunda-30","tag-blog-do-edvaldo-magalhaes","tag-blog-mais-acessado-e-visualizado-de-caruaru-e-regiao","tag-noticias-de-caruaru"],"_links":{"self":[{"href":"https:\/\/blogdoedvaldomagalhaes.com.br\/index.php\/wp-json\/wp\/v2\/posts\/74085","targetHints":{"allow":["GET"]}}],"collection":[{"href":"https:\/\/blogdoedvaldomagalhaes.com.br\/index.php\/wp-json\/wp\/v2\/posts"}],"about":[{"href":"https:\/\/blogdoedvaldomagalhaes.com.br\/index.php\/wp-json\/wp\/v2\/types\/post"}],"author":[{"embeddable":true,"href":"https:\/\/blogdoedvaldomagalhaes.com.br\/index.php\/wp-json\/wp\/v2\/users\/1"}],"replies":[{"embeddable":true,"href":"https:\/\/blogdoedvaldomagalhaes.com.br\/index.php\/wp-json\/wp\/v2\/comments?post=74085"}],"version-history":[{"count":1,"href":"https:\/\/blogdoedvaldomagalhaes.com.br\/index.php\/wp-json\/wp\/v2\/posts\/74085\/revisions"}],"predecessor-version":[{"id":74087,"href":"https:\/\/blogdoedvaldomagalhaes.com.br\/index.php\/wp-json\/wp\/v2\/posts\/74085\/revisions\/74087"}],"wp:featuredmedia":[{"embeddable":true,"href":"https:\/\/blogdoedvaldomagalhaes.com.br\/index.php\/wp-json\/wp\/v2\/media\/74086"}],"wp:attachment":[{"href":"https:\/\/blogdoedvaldomagalhaes.com.br\/index.php\/wp-json\/wp\/v2\/media?parent=74085"}],"wp:term":[{"taxonomy":"category","embeddable":true,"href":"https:\/\/blogdoedvaldomagalhaes.com.br\/index.php\/wp-json\/wp\/v2\/categories?post=74085"},{"taxonomy":"post_tag","embeddable":true,"href":"https:\/\/blogdoedvaldomagalhaes.com.br\/index.php\/wp-json\/wp\/v2\/tags?post=74085"}],"curies":[{"name":"wp","href":"https:\/\/api.w.org\/{rel}","templated":true}]}}