{"id":74055,"date":"2021-08-29T09:03:30","date_gmt":"2021-08-29T12:03:30","guid":{"rendered":"https:\/\/blogdoedvaldomagalhaes.com.br\/?p=74055"},"modified":"2021-08-29T09:41:23","modified_gmt":"2021-08-29T12:41:23","slug":"bolsonaro-vai-participar-de-motociata-em-santa-cruz-do-capibaribe-toritama-e-caruaru","status":"publish","type":"post","link":"https:\/\/blogdoedvaldomagalhaes.com.br\/index.php\/2021\/08\/29\/bolsonaro-vai-participar-de-motociata-em-santa-cruz-do-capibaribe-toritama-e-caruaru\/","title":{"rendered":"Bolsonaro vai participar de &#8220;motociata&#8221; em Santa Cruz do Capibaribe, Toritama e Caruaru"},"content":{"rendered":"<p style=\"text-align: justify;\">O presidente do Brasil, Jair Bolsonaro (sem partido), estar\u00e1 em Pernambuco, no pr\u00f3ximo fim de semana.<span style=\"font-size: inherit;\">\u00a0Coronel Meira, presidente do PTB, informou que na sexta-feira (03), no Recife, Bolsonaro deve acompanhar a passagem de comando da 4\u00aa Regi\u00e3o do Ex\u00e9rcito, visitar uma a\u00e7\u00e3o social, acompanhado da primeira-dama Michelle Bolsonaro, e jantar com empres\u00e1rios na capital pernambucana.<\/span><\/p>\n<p style=\"text-align: justify;\">No s\u00e1bado (04), Bolsonaro participa de um ato pol\u00edtico em Santa Cruz do Capibaribe, devendo sair \u00e0s 08h da manh\u00e3 em frente ao Moda Center em uma &#8220;motociata&#8221;, programada pelo clube de motociclistas Moto Cristo, passando por Toritama e terminando em Caruaru. Segundo Coronel Meira, o presidente deve anunciar a conclus\u00e3o da obra de duplica\u00e7\u00e3o da BR-104, entre Toritama e Santa Cruz do Capibaribe.<\/p>\n<p>Foto: Alan Santos-PR\/Divulga\u00e7\u00e3o.<\/p>\n","protected":false},"excerpt":{"rendered":"<p>O presidente do Brasil, Jair Bolsonaro (sem partido), estar\u00e1 em Pernambuco, no pr\u00f3ximo fim de semana.\u00a0Coronel Meira, presidente do PTB,&hellip;<\/p>\n","protected":false},"author":1,"featured_media":74056,"comment_status":"open","ping_status":"open","sticky":false,"template":"","format":"standard","meta":{"footnotes":""},"categories":[14122],"tags":[2,19532,22641,1950],"class_list":["post-74055","post","type-post","status-publish","format-standard","has-post-thumbnail","hentry","category-politica","tag-blog-do-edvaldo-magalhaes","tag-blog-mais-acessado-e-visualizado-de-caruaru-e-regiao","tag-bolsonaro-vai-participar-de-motociata-em-santa-cruz-do-capibaribe-toritama-e-caruaru","tag-noticias-de-caruaru"],"_links":{"self":[{"href":"https:\/\/blogdoedvaldomagalhaes.com.br\/index.php\/wp-json\/wp\/v2\/posts\/74055","targetHints":{"allow":["GET"]}}],"collection":[{"href":"https:\/\/blogdoedvaldomagalhaes.com.br\/index.php\/wp-json\/wp\/v2\/posts"}],"about":[{"href":"https:\/\/blogdoedvaldomagalhaes.com.br\/index.php\/wp-json\/wp\/v2\/types\/post"}],"author":[{"embeddable":true,"href":"https:\/\/blogdoedvaldomagalhaes.com.br\/index.php\/wp-json\/wp\/v2\/users\/1"}],"replies":[{"embeddable":true,"href":"https:\/\/blogdoedvaldomagalhaes.com.br\/index.php\/wp-json\/wp\/v2\/comments?post=74055"}],"version-history":[{"count":6,"href":"https:\/\/blogdoedvaldomagalhaes.com.br\/index.php\/wp-json\/wp\/v2\/posts\/74055\/revisions"}],"predecessor-version":[{"id":74066,"href":"https:\/\/blogdoedvaldomagalhaes.com.br\/index.php\/wp-json\/wp\/v2\/posts\/74055\/revisions\/74066"}],"wp:featuredmedia":[{"embeddable":true,"href":"https:\/\/blogdoedvaldomagalhaes.com.br\/index.php\/wp-json\/wp\/v2\/media\/74056"}],"wp:attachment":[{"href":"https:\/\/blogdoedvaldomagalhaes.com.br\/index.php\/wp-json\/wp\/v2\/media?parent=74055"}],"wp:term":[{"taxonomy":"category","embeddable":true,"href":"https:\/\/blogdoedvaldomagalhaes.com.br\/index.php\/wp-json\/wp\/v2\/categories?post=74055"},{"taxonomy":"post_tag","embeddable":true,"href":"https:\/\/blogdoedvaldomagalhaes.com.br\/index.php\/wp-json\/wp\/v2\/tags?post=74055"}],"curies":[{"name":"wp","href":"https:\/\/api.w.org\/{rel}","templated":true}]}}