{"id":74044,"date":"2021-08-28T20:46:40","date_gmt":"2021-08-28T23:46:40","guid":{"rendered":"https:\/\/blogdoedvaldomagalhaes.com.br\/?p=74044"},"modified":"2021-08-28T20:59:45","modified_gmt":"2021-08-28T23:59:45","slug":"policial-do-1-biesp-de-caruaru-e-baleado-em-alagoas-suspeito-morre-outro-suspeito-e-baleado-e-mulher-e-presa","status":"publish","type":"post","link":"https:\/\/blogdoedvaldomagalhaes.com.br\/index.php\/2021\/08\/28\/policial-do-1-biesp-de-caruaru-e-baleado-em-alagoas-suspeito-morre-outro-suspeito-e-baleado-e-mulher-e-presa\/","title":{"rendered":"Policial do 1\u00b0 BIEsp de Caruaru \u00e9 baleado em Alagoas; Suspeito morre, outro suspeito \u00e9 baleado e mulher \u00e9 presa"},"content":{"rendered":"<p style=\"text-align: justify;\"><span style=\"font-size: inherit;\">O policial militar Lucas Teixeira de Carvalho Medeiros, de<\/span><span style=\"font-size: inherit;\"> 25 anos de idade, do 1\u00b0 BIEsp de Caruaru, foi baleado na tarde deste s\u00e1bado (28), no loteamento H\u00e9lio Jatob\u00e1 III, na parte alta de S\u00e3o Miguel dos Campos, em Alagoas. O<\/span><span style=\"font-size: inherit;\">\u00a0 PM foi socorrido e encaminhado a Santa Casa de Miseric\u00f3rdia da cidade.<\/span><\/p>\n<p style=\"text-align: justify;\">V\u00e1rias guarni\u00e7\u00f5es foram deslocadas para o local do atentado na inten\u00e7\u00e3o de capturar os criminosos e, numa troca de tiros, um dos suspeitos foi baleado e outro morto no confronto com a pol\u00edcia militar alagoana. Uma mulher foi presa.<\/p>\n<p style=\"text-align: justify;\">Ap\u00f3s receber atendimento m\u00e9dico de urg\u00eancia na Santa Casa de S\u00e3o Miguel, o militar foi transferido atrav\u00e9s do Servi\u00e7o de Atendimento M\u00f3vel de Urg\u00eancia (Samu), para o Hospital Geral do Estado (HGE), em Macei\u00f3.<\/p>\n<p style=\"text-align: justify;\">Fonte: Luziapolis Campo Alegre.<\/p>\n<p>Foto: Reprodu\u00e7\u00e3o\/Internet.<\/p>\n","protected":false},"excerpt":{"rendered":"<p>O policial militar Lucas Teixeira de Carvalho Medeiros, de 25 anos de idade, do 1\u00b0 BIEsp de Caruaru, foi baleado&hellip;<\/p>\n","protected":false},"author":1,"featured_media":74049,"comment_status":"open","ping_status":"open","sticky":false,"template":"","format":"standard","meta":{"footnotes":""},"categories":[14121],"tags":[2,19532,1950,22639],"class_list":["post-74044","post","type-post","status-publish","format-standard","has-post-thumbnail","hentry","category-policial","tag-blog-do-edvaldo-magalhaes","tag-blog-mais-acessado-e-visualizado-de-caruaru-e-regiao","tag-noticias-de-caruaru","tag-policial-do-1-biesp-de-caruaru-e-baleado-em-alagoas-suspeito-morre-outro-suspeito-e-baleado-e-mulher-e-presa"],"_links":{"self":[{"href":"https:\/\/blogdoedvaldomagalhaes.com.br\/index.php\/wp-json\/wp\/v2\/posts\/74044","targetHints":{"allow":["GET"]}}],"collection":[{"href":"https:\/\/blogdoedvaldomagalhaes.com.br\/index.php\/wp-json\/wp\/v2\/posts"}],"about":[{"href":"https:\/\/blogdoedvaldomagalhaes.com.br\/index.php\/wp-json\/wp\/v2\/types\/post"}],"author":[{"embeddable":true,"href":"https:\/\/blogdoedvaldomagalhaes.com.br\/index.php\/wp-json\/wp\/v2\/users\/1"}],"replies":[{"embeddable":true,"href":"https:\/\/blogdoedvaldomagalhaes.com.br\/index.php\/wp-json\/wp\/v2\/comments?post=74044"}],"version-history":[{"count":3,"href":"https:\/\/blogdoedvaldomagalhaes.com.br\/index.php\/wp-json\/wp\/v2\/posts\/74044\/revisions"}],"predecessor-version":[{"id":74050,"href":"https:\/\/blogdoedvaldomagalhaes.com.br\/index.php\/wp-json\/wp\/v2\/posts\/74044\/revisions\/74050"}],"wp:featuredmedia":[{"embeddable":true,"href":"https:\/\/blogdoedvaldomagalhaes.com.br\/index.php\/wp-json\/wp\/v2\/media\/74049"}],"wp:attachment":[{"href":"https:\/\/blogdoedvaldomagalhaes.com.br\/index.php\/wp-json\/wp\/v2\/media?parent=74044"}],"wp:term":[{"taxonomy":"category","embeddable":true,"href":"https:\/\/blogdoedvaldomagalhaes.com.br\/index.php\/wp-json\/wp\/v2\/categories?post=74044"},{"taxonomy":"post_tag","embeddable":true,"href":"https:\/\/blogdoedvaldomagalhaes.com.br\/index.php\/wp-json\/wp\/v2\/tags?post=74044"}],"curies":[{"name":"wp","href":"https:\/\/api.w.org\/{rel}","templated":true}]}}