{"id":74040,"date":"2021-08-28T17:07:30","date_gmt":"2021-08-28T20:07:30","guid":{"rendered":"https:\/\/blogdoedvaldomagalhaes.com.br\/?p=74040"},"modified":"2021-08-28T17:09:15","modified_gmt":"2021-08-28T20:09:15","slug":"tony-gel-comemora-edital-para-contratacao-da-empresa-que-ira-restaurar-a-pe-145-em-caruaru","status":"publish","type":"post","link":"https:\/\/blogdoedvaldomagalhaes.com.br\/index.php\/2021\/08\/28\/tony-gel-comemora-edital-para-contratacao-da-empresa-que-ira-restaurar-a-pe-145-em-caruaru\/","title":{"rendered":"Tony Gel comemora edital para contrata\u00e7\u00e3o da empresa que ir\u00e1 restaurar a PE 145 em Caruaru"},"content":{"rendered":"<p style=\"text-align: justify;\"><span style=\"font-size: inherit;\">O deputado estadual Tony Gel (MDB) foi informado neste s\u00e1bado (28), pela Secret\u00e1ria de Infraestrutura e Recursos H\u00eddricos do Estado, Fernandha Batista que, lan\u00e7ado o edital para contrata\u00e7\u00e3o da empresa que far\u00e1 a restaura\u00e7\u00e3o da Rodovia PE-145, no trecho que vai da BR-104 localizada na Vila de Cachoeira Seca, zona rural de Caruaru, at\u00e9 a vila de Fazenda Nova no munic\u00edpio de Brejo da Madre de Deus.<\/span><\/p>\n<p style=\"text-align: justify;\">De acordo Tony Gel, essa \u00e9 uma reivindica\u00e7\u00e3o antiga dos moradores das Vilas de Ita\u00fana, Dois Riachos, Carneirinho, Riacho Doce e Cachoeira Seca, que ficam na zona rural de Caruaru.<\/p>\n<p style=\"text-align: justify;\">A reconstru\u00e7\u00e3o da PE-145 vem sendo trabalhada por Tony h\u00e1 muito tempo. E, na semana passada, o parlamentar foi informado por Fernandha Batista que o projeto estava sendo conclu\u00eddo.<\/p>\n<p style=\"text-align: justify;\">&#8220;Estou muito feliz. Agrade\u00e7o aqui ao Governador Paulo C\u00e2mara pela aten\u00e7\u00e3o e por nos atender. Como tamb\u00e9m agrade\u00e7o a amiga secret\u00e1ria Fernandha Batista pela dedica\u00e7\u00e3o. Essa \u00e9 uma obra de fundamental import\u00e2ncia n\u00e3o s\u00f3 para Caruaru, mas para o Agreste&#8221; disse Tony Gel<\/p>\n\n\n<figure class=\"wp-block-image size-large\"><img loading=\"lazy\" decoding=\"async\" width=\"896\" height=\"722\" src=\"https:\/\/blogdoedvaldomagalhaes.com.br\/wp-content\/uploads\/2021\/08\/IMG-20210828-WA0318.jpg\" alt=\"\" class=\"wp-image-74042\" srcset=\"https:\/\/blogdoedvaldomagalhaes.com.br\/wp-content\/uploads\/2021\/08\/IMG-20210828-WA0318.jpg 896w, https:\/\/blogdoedvaldomagalhaes.com.br\/wp-content\/uploads\/2021\/08\/IMG-20210828-WA0318-300x242.jpg 300w, https:\/\/blogdoedvaldomagalhaes.com.br\/wp-content\/uploads\/2021\/08\/IMG-20210828-WA0318-768x619.jpg 768w\" sizes=\"auto, (max-width: 896px) 100vw, 896px\" \/><\/figure>\n","protected":false},"excerpt":{"rendered":"<p>O deputado estadual Tony Gel (MDB) foi informado neste s\u00e1bado (28), pela Secret\u00e1ria de Infraestrutura e Recursos H\u00eddricos do Estado,&hellip;<\/p>\n","protected":false},"author":1,"featured_media":16761,"comment_status":"open","ping_status":"open","sticky":false,"template":"","format":"standard","meta":{"footnotes":""},"categories":[14122],"tags":[2,19532,1950,20,22638],"class_list":["post-74040","post","type-post","status-publish","format-standard","has-post-thumbnail","hentry","category-politica","tag-blog-do-edvaldo-magalhaes","tag-blog-mais-acessado-e-visualizado-de-caruaru-e-regiao","tag-noticias-de-caruaru","tag-politica","tag-tony-gel-comemora-edital-para-contratacao-da-empresa-que-ira-restaurar-a-pe-145-em-caruaru"],"_links":{"self":[{"href":"https:\/\/blogdoedvaldomagalhaes.com.br\/index.php\/wp-json\/wp\/v2\/posts\/74040","targetHints":{"allow":["GET"]}}],"collection":[{"href":"https:\/\/blogdoedvaldomagalhaes.com.br\/index.php\/wp-json\/wp\/v2\/posts"}],"about":[{"href":"https:\/\/blogdoedvaldomagalhaes.com.br\/index.php\/wp-json\/wp\/v2\/types\/post"}],"author":[{"embeddable":true,"href":"https:\/\/blogdoedvaldomagalhaes.com.br\/index.php\/wp-json\/wp\/v2\/users\/1"}],"replies":[{"embeddable":true,"href":"https:\/\/blogdoedvaldomagalhaes.com.br\/index.php\/wp-json\/wp\/v2\/comments?post=74040"}],"version-history":[{"count":2,"href":"https:\/\/blogdoedvaldomagalhaes.com.br\/index.php\/wp-json\/wp\/v2\/posts\/74040\/revisions"}],"predecessor-version":[{"id":74043,"href":"https:\/\/blogdoedvaldomagalhaes.com.br\/index.php\/wp-json\/wp\/v2\/posts\/74040\/revisions\/74043"}],"wp:featuredmedia":[{"embeddable":true,"href":"https:\/\/blogdoedvaldomagalhaes.com.br\/index.php\/wp-json\/wp\/v2\/media\/16761"}],"wp:attachment":[{"href":"https:\/\/blogdoedvaldomagalhaes.com.br\/index.php\/wp-json\/wp\/v2\/media?parent=74040"}],"wp:term":[{"taxonomy":"category","embeddable":true,"href":"https:\/\/blogdoedvaldomagalhaes.com.br\/index.php\/wp-json\/wp\/v2\/categories?post=74040"},{"taxonomy":"post_tag","embeddable":true,"href":"https:\/\/blogdoedvaldomagalhaes.com.br\/index.php\/wp-json\/wp\/v2\/tags?post=74040"}],"curies":[{"name":"wp","href":"https:\/\/api.w.org\/{rel}","templated":true}]}}