{"id":74029,"date":"2021-08-28T12:27:22","date_gmt":"2021-08-28T15:27:22","guid":{"rendered":"https:\/\/blogdoedvaldomagalhaes.com.br\/?p=74029"},"modified":"2021-08-28T12:27:24","modified_gmt":"2021-08-28T15:27:24","slug":"caruaru-agenda-vacinacao-contra-covid-19-de-pessoas-a-partir-dos-20-anos","status":"publish","type":"post","link":"https:\/\/blogdoedvaldomagalhaes.com.br\/index.php\/2021\/08\/28\/caruaru-agenda-vacinacao-contra-covid-19-de-pessoas-a-partir-dos-20-anos\/","title":{"rendered":"Caruaru agenda vacina\u00e7\u00e3o contra covid-19 de pessoas a partir dos 20 anos"},"content":{"rendered":"<p style=\"text-align: justify;\"><span style=\"font-size: inherit;\">A Secretaria de Sa\u00fade de Caruaru, ampliou neste s\u00e1bado (28) a faixa et\u00e1ria de vacina\u00e7\u00e3o contra a covid-19 para pessoas com 20 anos ou mais.<\/span><\/p>\n<p style=\"text-align: justify;\">Com a realiza\u00e7\u00e3o do \u201cVacina\u00e7o\u201d &#8211; que acontece at\u00e9 o pr\u00f3ximo domingo (29), das 7h30 \u00e0 0h, no Espa\u00e7o Cultural Tancredo Neves &#8211; as pessoas com 20 anos ou mais com agendamento liberado neste s\u00e1bado (28), j\u00e1 poder\u00e3o receber a vacina nesses dois dias do evento.<\/p>\n<p style=\"text-align: justify;\">O agendamento \u00e9 realizado de forma autom\u00e1tica para quem fez o pr\u00e9-cadastro no site Vacina Caruaru, onde tamb\u00e9m \u00e9 poss\u00edvel verificar a guia de agendamento que constam as informa\u00e7\u00f5es sobre dia e hor\u00e1rio do agendamento.<\/p>\n<p style=\"text-align: justify;\">Para receber a vacina\u00e7\u00e3o \u00e9 obrigat\u00f3rio comparecer ao local informado no hor\u00e1rio marcado, levando documento oficial com foto, c\u00f3pia do CPF, Cart\u00e3o Nacional do SUS (CNS) e comprovante de resid\u00eancia.<\/p>\n<p>Fotos: Elvis \u00c9dson.<\/p>\n","protected":false},"excerpt":{"rendered":"<p>A Secretaria de Sa\u00fade de Caruaru, ampliou neste s\u00e1bado (28) a faixa et\u00e1ria de vacina\u00e7\u00e3o contra a covid-19 para pessoas&hellip;<\/p>\n","protected":false},"author":1,"featured_media":74030,"comment_status":"open","ping_status":"open","sticky":false,"template":"","format":"standard","meta":{"footnotes":""},"categories":[14120],"tags":[2,19532,22635,1950,19670],"class_list":["post-74029","post","type-post","status-publish","format-standard","has-post-thumbnail","hentry","category-noticias","tag-blog-do-edvaldo-magalhaes","tag-blog-mais-acessado-e-visualizado-de-caruaru-e-regiao","tag-caruaru-agenda-vacinacao-contra-covid-19-de-pessoas-a-partir-dos-20-anos","tag-noticias-de-caruaru","tag-novo-coronavirus"],"_links":{"self":[{"href":"https:\/\/blogdoedvaldomagalhaes.com.br\/index.php\/wp-json\/wp\/v2\/posts\/74029","targetHints":{"allow":["GET"]}}],"collection":[{"href":"https:\/\/blogdoedvaldomagalhaes.com.br\/index.php\/wp-json\/wp\/v2\/posts"}],"about":[{"href":"https:\/\/blogdoedvaldomagalhaes.com.br\/index.php\/wp-json\/wp\/v2\/types\/post"}],"author":[{"embeddable":true,"href":"https:\/\/blogdoedvaldomagalhaes.com.br\/index.php\/wp-json\/wp\/v2\/users\/1"}],"replies":[{"embeddable":true,"href":"https:\/\/blogdoedvaldomagalhaes.com.br\/index.php\/wp-json\/wp\/v2\/comments?post=74029"}],"version-history":[{"count":1,"href":"https:\/\/blogdoedvaldomagalhaes.com.br\/index.php\/wp-json\/wp\/v2\/posts\/74029\/revisions"}],"predecessor-version":[{"id":74031,"href":"https:\/\/blogdoedvaldomagalhaes.com.br\/index.php\/wp-json\/wp\/v2\/posts\/74029\/revisions\/74031"}],"wp:featuredmedia":[{"embeddable":true,"href":"https:\/\/blogdoedvaldomagalhaes.com.br\/index.php\/wp-json\/wp\/v2\/media\/74030"}],"wp:attachment":[{"href":"https:\/\/blogdoedvaldomagalhaes.com.br\/index.php\/wp-json\/wp\/v2\/media?parent=74029"}],"wp:term":[{"taxonomy":"category","embeddable":true,"href":"https:\/\/blogdoedvaldomagalhaes.com.br\/index.php\/wp-json\/wp\/v2\/categories?post=74029"},{"taxonomy":"post_tag","embeddable":true,"href":"https:\/\/blogdoedvaldomagalhaes.com.br\/index.php\/wp-json\/wp\/v2\/tags?post=74029"}],"curies":[{"name":"wp","href":"https:\/\/api.w.org\/{rel}","templated":true}]}}