{"id":74026,"date":"2021-08-28T10:57:02","date_gmt":"2021-08-28T13:57:02","guid":{"rendered":"https:\/\/blogdoedvaldomagalhaes.com.br\/?p=74026"},"modified":"2021-08-28T10:57:04","modified_gmt":"2021-08-28T13:57:04","slug":"pl-do-vereador-irmao-ronaldo-cria-o-fundo-municipal-do-esporte-no-municipio-de-caruaru","status":"publish","type":"post","link":"https:\/\/blogdoedvaldomagalhaes.com.br\/index.php\/2021\/08\/28\/pl-do-vereador-irmao-ronaldo-cria-o-fundo-municipal-do-esporte-no-municipio-de-caruaru\/","title":{"rendered":"PL do vereador Irm\u00e3o Ronaldo cria o Fundo Municipal do Esporte no munic\u00edpio de Caruaru"},"content":{"rendered":"<p style=\"text-align: justify;\">Confira as proposituras em tramita\u00e7\u00e3o na C\u00e2mara Municipal de Caruaru, de autoria do vereador Irm\u00e3o Ronaldo.<\/p>\n<p style=\"text-align: justify;\">PROJETO DE LEI n\u00ba 9095 de 2021, obriga o Poder P\u00fablico Municipal de Caruaru a utilizar material refletivo na sinaliza\u00e7\u00e3o de tr\u00e2nsito horizontal, vertical e nos dispositivos de sinaliza\u00e7\u00e3o auxiliar, e d\u00e1 outras provid\u00eancias.<\/p>\n<p style=\"text-align: justify;\">PROJETO DE LEI n\u00ba 9094 de 2021, Institui o Programa de Diretrizes para incentivo ao uso da Musicoterapia como Tratamento Terap\u00eautico Complementar de Pessoas com Defici\u00eancias, S\u00edndromes e\/ou Transtorno do Espectro Autista (TEA), no Munic\u00edpio de Caruaru e d\u00e1 outras provid\u00eancias.<\/p>\n<p style=\"text-align: justify;\">PROJETO DE LEI n\u00ba 9093 de 2021, Institui no Munic\u00edpio de Caruaru a Semana de Conscientiza\u00e7\u00e3o \u201cN\u00e3o Jogue no Lixo\u201d e d\u00e1 outras providencias.<\/p>\n<p style=\"text-align: justify;\">PROJETO DE LEI n\u00ba 9092 de 2021, Cria o Fundo Municipal do Esporte no munic\u00edpio de Caruaru, e d\u00e1 outras provid\u00eancias.<\/p>\n<p style=\"text-align: justify;\">PROJETO DE LEI n\u00ba 9091 de 2021, Istitui o \u201cPrograma de Fornecimento de Fraldas Geri\u00e1tricas\u201d no \u00e2mbito do Munic\u00edpio de Caruaru.<\/p>\n<p style=\"text-align: justify;\">REQUERIMENTO n\u00ba 3180 de 2021, para que seja constru\u00eddo um Parque Ambiental no Bairro Jardim Boa Vista, na \u00e1rea verde p\u00fablica, que fica em frente a Avenida Jo\u00e3o Soares de Lira, fazendo divisa com os residenciais Bara\u00fanas e Mandacaru, \u201c Parque Jardim Boa Vista\u201d.<\/p>\n<p style=\"text-align: justify;\">REQUERIMENTO n\u00ba 3186 de 2021, para que se viabilize a troca de duas l\u00e2mpadas dos postes de n\u00fameros: T076531 e 1006490, por l\u00e2mpadas de 250 watts de vapor de s\u00f3dio, localizado na Rua Jos\u00e9 Morais de Melo, bairro Jardim Boa Vista, em frente a ACACE.<\/p>\n<p style=\"text-align: justify;\">INDICA\u00c7\u00c3O n\u00ba 283 de 2021, apelo \u00e0 CELPE \u2013 Companhia Energ\u00e9tica de Pernambuco, para que tome as providencias necess\u00e1rias no sentido de expandir a rede de energia el\u00e9trica em vias residenciais localizadas no Bairro Cedro, nesta cidade.<\/p>\n","protected":false},"excerpt":{"rendered":"<p>Confira as proposituras em tramita\u00e7\u00e3o na C\u00e2mara Municipal de Caruaru, de autoria do vereador Irm\u00e3o Ronaldo. PROJETO DE LEI n\u00ba&hellip;<\/p>\n","protected":false},"author":1,"featured_media":74027,"comment_status":"open","ping_status":"open","sticky":false,"template":"","format":"standard","meta":{"footnotes":""},"categories":[14122],"tags":[2,19532,1950,22634,20],"class_list":["post-74026","post","type-post","status-publish","format-standard","has-post-thumbnail","hentry","category-politica","tag-blog-do-edvaldo-magalhaes","tag-blog-mais-acessado-e-visualizado-de-caruaru-e-regiao","tag-noticias-de-caruaru","tag-pl-do-vereador-irmao-ronaldo-cria-o-fundo-municipal-do-esporte-no-municipio-de-caruaru","tag-politica"],"_links":{"self":[{"href":"https:\/\/blogdoedvaldomagalhaes.com.br\/index.php\/wp-json\/wp\/v2\/posts\/74026","targetHints":{"allow":["GET"]}}],"collection":[{"href":"https:\/\/blogdoedvaldomagalhaes.com.br\/index.php\/wp-json\/wp\/v2\/posts"}],"about":[{"href":"https:\/\/blogdoedvaldomagalhaes.com.br\/index.php\/wp-json\/wp\/v2\/types\/post"}],"author":[{"embeddable":true,"href":"https:\/\/blogdoedvaldomagalhaes.com.br\/index.php\/wp-json\/wp\/v2\/users\/1"}],"replies":[{"embeddable":true,"href":"https:\/\/blogdoedvaldomagalhaes.com.br\/index.php\/wp-json\/wp\/v2\/comments?post=74026"}],"version-history":[{"count":1,"href":"https:\/\/blogdoedvaldomagalhaes.com.br\/index.php\/wp-json\/wp\/v2\/posts\/74026\/revisions"}],"predecessor-version":[{"id":74028,"href":"https:\/\/blogdoedvaldomagalhaes.com.br\/index.php\/wp-json\/wp\/v2\/posts\/74026\/revisions\/74028"}],"wp:featuredmedia":[{"embeddable":true,"href":"https:\/\/blogdoedvaldomagalhaes.com.br\/index.php\/wp-json\/wp\/v2\/media\/74027"}],"wp:attachment":[{"href":"https:\/\/blogdoedvaldomagalhaes.com.br\/index.php\/wp-json\/wp\/v2\/media?parent=74026"}],"wp:term":[{"taxonomy":"category","embeddable":true,"href":"https:\/\/blogdoedvaldomagalhaes.com.br\/index.php\/wp-json\/wp\/v2\/categories?post=74026"},{"taxonomy":"post_tag","embeddable":true,"href":"https:\/\/blogdoedvaldomagalhaes.com.br\/index.php\/wp-json\/wp\/v2\/tags?post=74026"}],"curies":[{"name":"wp","href":"https:\/\/api.w.org\/{rel}","templated":true}]}}