{"id":7401,"date":"2016-12-12T11:15:00","date_gmt":"2016-12-12T13:15:00","guid":{"rendered":"http:\/\/blogdoedvaldomagalhaes.com.br\/index.php\/2016\/12\/12\/atacante-anderson-lessa-e-contratado\/"},"modified":"2019-02-09T01:09:45","modified_gmt":"2019-02-09T03:09:45","slug":"atacante-anderson-lessa-e-contratado","status":"publish","type":"post","link":"https:\/\/blogdoedvaldomagalhaes.com.br\/index.php\/2016\/12\/12\/atacante-anderson-lessa-e-contratado\/","title":{"rendered":"Atacante Anderson Lessa \u00e9 contratado pelo Central de Caruaru"},"content":{"rendered":"<div class=\"separator\" style=\"clear: both; text-align: center;\">\n<a href=\"https:\/\/2.bp.blogspot.com\/-q5GlcIijeZk\/WE6GAsPXOeI\/AAAAAAAALc4\/Chx0BfbVCBoMqIFYrZdC_5LA8xBEEWQYwCLcB\/s1600\/anderson.jpeg\" imageanchor=\"1\" style=\"margin-left: 1em; margin-right: 1em;\"><img loading=\"lazy\" decoding=\"async\" border=\"0\" height=\"265\" src=\"http:\/\/blogdoedvaldomagalhaes.com.br\/wp-content\/uploads\/2016\/12\/anderson.jpeg\" width=\"400\" \/><\/a><\/div>\n<div class=\"separator\" style=\"clear: both; text-align: center;\">\nFoto: Aldo Carneiro\/Gazeta Press<\/div>\n<div style=\"background: rgb(255, 255, 255); border: 0px rgb(229, 229, 229); color: grey; font-family: Arial, Helvetica, sans-serif; font-size: 13px; margin-bottom: 20px; outline: 0px; padding: 0px; vertical-align: baseline;\">\n<\/div>\n<div style=\"background: rgb(255, 255, 255); border: 0px rgb(229, 229, 229); margin-bottom: 20px; outline: 0px; padding: 0px; text-align: justify; vertical-align: baseline;\">\nFormado nas categorias de base do N\u00e1utico, o jogador chegou ao Cruzeiro em 2009 e ficou at\u00e9 2012. Depois passou por clubes como Villa Nova-MG, XV de Piracicaba, Cuiab\u00e1, &nbsp;ASA e o Salgueiro \u00faltimo clube onde jogou.<\/div>\n<div style=\"background: rgb(255, 255, 255); border: 0px rgb(229, 229, 229); margin-bottom: 20px; outline: 0px; padding: 0px; text-align: justify; vertical-align: baseline;\">\nAnderson Lessa deve se apresentar ao clube na manh\u00e3 desta segunda-feira(12).<\/p>\n<p>Em rela\u00e7\u00e3o as categoria de base, Alex Faustino, assumiu a supervis\u00e3o, e marcou dois amistosos para esta semana, sendo Porto x Central, no Est\u00e1dio Ant\u00f4nio In\u00e1cio da Silva (Vera Cruz), categoria sub-20, para a pr\u00f3xima quinta-feira (15). E o outro no s\u00e1bado (17) contra o Sport, no centro de treinamento, em Recife.<\/p><\/div>\n","protected":false},"excerpt":{"rendered":"<p>Foto: Aldo Carneiro\/Gazeta Press Formado nas categorias de base do N\u00e1utico, o jogador chegou ao Cruzeiro em 2009 e ficou&hellip;<\/p>\n","protected":false},"author":1,"featured_media":0,"comment_status":"open","ping_status":"open","sticky":false,"template":"","format":"standard","meta":{"footnotes":""},"categories":[1],"tags":[10422,10423,2,10424,10425,3,3060,3337,10426,10427],"class_list":["post-7401","post","type-post","status-publish","format-standard","hentry","category-sem-categoria","tag-asa","tag-atacante-anderson-lessa-e-contratado-pelo-central-de-caruaru","tag-blog-do-edvaldo-magalhaes","tag-cruzeiro","tag-cuiaba","tag-futebol","tag-nautico","tag-salgueiro","tag-vila-nova-mg","tag-xv-de-piracicaba"],"_links":{"self":[{"href":"https:\/\/blogdoedvaldomagalhaes.com.br\/index.php\/wp-json\/wp\/v2\/posts\/7401","targetHints":{"allow":["GET"]}}],"collection":[{"href":"https:\/\/blogdoedvaldomagalhaes.com.br\/index.php\/wp-json\/wp\/v2\/posts"}],"about":[{"href":"https:\/\/blogdoedvaldomagalhaes.com.br\/index.php\/wp-json\/wp\/v2\/types\/post"}],"author":[{"embeddable":true,"href":"https:\/\/blogdoedvaldomagalhaes.com.br\/index.php\/wp-json\/wp\/v2\/users\/1"}],"replies":[{"embeddable":true,"href":"https:\/\/blogdoedvaldomagalhaes.com.br\/index.php\/wp-json\/wp\/v2\/comments?post=7401"}],"version-history":[{"count":1,"href":"https:\/\/blogdoedvaldomagalhaes.com.br\/index.php\/wp-json\/wp\/v2\/posts\/7401\/revisions"}],"predecessor-version":[{"id":14974,"href":"https:\/\/blogdoedvaldomagalhaes.com.br\/index.php\/wp-json\/wp\/v2\/posts\/7401\/revisions\/14974"}],"wp:attachment":[{"href":"https:\/\/blogdoedvaldomagalhaes.com.br\/index.php\/wp-json\/wp\/v2\/media?parent=7401"}],"wp:term":[{"taxonomy":"category","embeddable":true,"href":"https:\/\/blogdoedvaldomagalhaes.com.br\/index.php\/wp-json\/wp\/v2\/categories?post=7401"},{"taxonomy":"post_tag","embeddable":true,"href":"https:\/\/blogdoedvaldomagalhaes.com.br\/index.php\/wp-json\/wp\/v2\/tags?post=7401"}],"curies":[{"name":"wp","href":"https:\/\/api.w.org\/{rel}","templated":true}]}}