{"id":74,"date":"2019-02-01T00:31:00","date_gmt":"2019-02-01T02:31:00","guid":{"rendered":"http:\/\/blogdoedvaldomagalhaes.com.br\/index.php\/2019\/02\/01\/terceiro-homicidio-em-caruaru-nesta\/"},"modified":"2019-02-09T02:51:34","modified_gmt":"2019-02-09T04:51:34","slug":"terceiro-homicidio-em-caruaru-nesta","status":"publish","type":"post","link":"https:\/\/blogdoedvaldomagalhaes.com.br\/index.php\/2019\/02\/01\/terceiro-homicidio-em-caruaru-nesta\/","title":{"rendered":"Terceiro homic\u00eddio em Caruaru nesta quinta-feira (31)"},"content":{"rendered":"<div class=\"separator\" style=\"clear: both; text-align: center;\">\n<a href=\"https:\/\/1.bp.blogspot.com\/-xy7G7kxri38\/XFOTNRyePLI\/AAAAAAABB3E\/civVeSdmUSoi3vnFwXDVbkaja9uAlt7WwCLcBGAs\/s1600\/images.jpeg\" imageanchor=\"1\" style=\"margin-left: 1em; margin-right: 1em;\"><img loading=\"lazy\" decoding=\"async\" border=\"0\" data-original-height=\"330\" data-original-width=\"445\" height=\"474\" src=\"http:\/\/blogdoedvaldomagalhaes.com.br\/wp-content\/uploads\/2019\/02\/images.jpeg\" width=\"640\" \/><\/a><\/div>\n<div style=\"text-align: justify;\">\nO terceiro homic\u00eddio em Caruaru, nesta quinta-feira (31), ocorreu no bairro Jos\u00e9 Liberato. A v\u00edtima foi Everton Felipe Lopes da Silva. A esposa da v\u00edtima, informou aos policiais militares, que quatro indiv\u00edduos em um carro de cor prata, cometeram o assassinato. A v\u00edtima j\u00e1 teve passagem pela pol\u00edcia acusada de assalto e roubo.<\/p>\n<p><\/p>\n<div class=\"separator\" style=\"clear: both; text-align: center;\">\n<a href=\"https:\/\/4.bp.blogspot.com\/-6Hy-R_qPNuU\/XFO48HWlwHI\/AAAAAAABB3g\/-Kq_e1kNRH4duYWcxBBsM1CMIS0O6dXwwCLcBGAs\/s1600\/IMG-20190201-WA0000.jpg\" imageanchor=\"1\" style=\"margin-left: 1em; margin-right: 1em;\"><img loading=\"lazy\" decoding=\"async\" border=\"0\" data-original-height=\"367\" data-original-width=\"252\" height=\"640\" src=\"http:\/\/blogdoedvaldomagalhaes.com.br\/wp-content\/uploads\/2019\/02\/IMG-20190201-WA0000.jpg\" width=\"438\" \/><\/a><\/div>\n<p>\nEste foi o 16\u00b0 homic\u00eddio no ano de 2019, em Caruaru .<\/p>\n<\/div>\n","protected":false},"excerpt":{"rendered":"<p>O terceiro homic\u00eddio em Caruaru, nesta quinta-feira (31), ocorreu no bairro Jos\u00e9 Liberato. A v\u00edtima foi Everton Felipe Lopes da&hellip;<\/p>\n","protected":false},"author":1,"featured_media":0,"comment_status":"open","ping_status":"open","sticky":false,"template":"","format":"standard","meta":{"footnotes":""},"categories":[1],"tags":[2,13,81],"class_list":["post-74","post","type-post","status-publish","format-standard","hentry","category-sem-categoria","tag-blog-do-edvaldo-magalhaes","tag-policial","tag-terceiro-homicidio-em-caruaru-nesta-quinta-feira-31"],"_links":{"self":[{"href":"https:\/\/blogdoedvaldomagalhaes.com.br\/index.php\/wp-json\/wp\/v2\/posts\/74","targetHints":{"allow":["GET"]}}],"collection":[{"href":"https:\/\/blogdoedvaldomagalhaes.com.br\/index.php\/wp-json\/wp\/v2\/posts"}],"about":[{"href":"https:\/\/blogdoedvaldomagalhaes.com.br\/index.php\/wp-json\/wp\/v2\/types\/post"}],"author":[{"embeddable":true,"href":"https:\/\/blogdoedvaldomagalhaes.com.br\/index.php\/wp-json\/wp\/v2\/users\/1"}],"replies":[{"embeddable":true,"href":"https:\/\/blogdoedvaldomagalhaes.com.br\/index.php\/wp-json\/wp\/v2\/comments?post=74"}],"version-history":[{"count":1,"href":"https:\/\/blogdoedvaldomagalhaes.com.br\/index.php\/wp-json\/wp\/v2\/posts\/74\/revisions"}],"predecessor-version":[{"id":37890,"href":"https:\/\/blogdoedvaldomagalhaes.com.br\/index.php\/wp-json\/wp\/v2\/posts\/74\/revisions\/37890"}],"wp:attachment":[{"href":"https:\/\/blogdoedvaldomagalhaes.com.br\/index.php\/wp-json\/wp\/v2\/media?parent=74"}],"wp:term":[{"taxonomy":"category","embeddable":true,"href":"https:\/\/blogdoedvaldomagalhaes.com.br\/index.php\/wp-json\/wp\/v2\/categories?post=74"},{"taxonomy":"post_tag","embeddable":true,"href":"https:\/\/blogdoedvaldomagalhaes.com.br\/index.php\/wp-json\/wp\/v2\/tags?post=74"}],"curies":[{"name":"wp","href":"https:\/\/api.w.org\/{rel}","templated":true}]}}