{"id":7380,"date":"2016-12-14T10:26:00","date_gmt":"2016-12-14T12:26:00","guid":{"rendered":"http:\/\/blogdoedvaldomagalhaes.com.br\/index.php\/2016\/12\/14\/secretaria-de-saude-de-caruaru-promove\/"},"modified":"2019-02-09T01:10:08","modified_gmt":"2019-02-09T03:10:08","slug":"secretaria-de-saude-de-caruaru-promove","status":"publish","type":"post","link":"https:\/\/blogdoedvaldomagalhaes.com.br\/index.php\/2016\/12\/14\/secretaria-de-saude-de-caruaru-promove\/","title":{"rendered":"Secretaria de Sa\u00fade de Caruaru promove 10\u00aa Audi\u00eancia P\u00fablica"},"content":{"rendered":"<div class=\"separator\" style=\"clear: both; text-align: center;\">\n<a href=\"https:\/\/1.bp.blogspot.com\/-TSUFS9NmyZQ\/WFEeKr-vhII\/AAAAAAAALk8\/sKtXSqnrzjkBHGYBpt0x0zWMianZ64cCQCLcB\/s1600\/audiencia.jpg\" imageanchor=\"1\" style=\"margin-left: 1em; margin-right: 1em;\"><img loading=\"lazy\" decoding=\"async\" border=\"0\" height=\"266\" src=\"http:\/\/blogdoedvaldomagalhaes.com.br\/wp-content\/uploads\/2016\/12\/audiencia.jpg\" width=\"400\" \/><\/a><\/div>\n<div style=\"color: #333333; font-family: &quot;Open Sans&quot;, sans-serif; font-size: 15px; list-style: none; text-align: justify;\">\n<\/div>\n<div style=\"color: #333333; font-family: &quot;Open Sans&quot;, sans-serif; font-size: 15px; list-style: none; text-align: justify;\">\nA Secretaria de Sa\u00fade de Caruaru realiza nesta quarta-feira (14), \u00e0s 18h30, a 10\u00aa Audi\u00eancia P\u00fablica, na C\u00e2mara de Vereadores. O objetivo \u00e9 prestar contas dos recursos recebidos e aplicados no setor, auditorias e servi\u00e7os produzidos no \u00e2mbito do SUS Municipal, durante o segundo quadrimestre de 2016.<\/div>\n<div style=\"color: #333333; font-family: &quot;Open Sans&quot;, sans-serif; font-size: 15px; list-style: none; text-align: justify;\">\n&nbsp;<\/div>\n<div style=\"color: #333333; font-family: &quot;Open Sans&quot;, sans-serif; font-size: 15px; list-style: none; text-align: justify;\">\nDe acordo com a Secret\u00e1ria de Sa\u00fade, Aparecida Souza, \u00e9 importante a participa\u00e7\u00e3o da&nbsp;popula\u00e7\u00e3o a fim de esclarecer d\u00favidas e levar tamb\u00e9m propostas para o fortalecimento do SUS de Caruaru.<\/div>\n","protected":false},"excerpt":{"rendered":"<p>A Secretaria de Sa\u00fade de Caruaru realiza nesta quarta-feira (14), \u00e0s 18h30, a 10\u00aa Audi\u00eancia P\u00fablica, na C\u00e2mara de Vereadores.&hellip;<\/p>\n","protected":false},"author":1,"featured_media":0,"comment_status":"open","ping_status":"open","sticky":false,"template":"","format":"standard","meta":{"footnotes":""},"categories":[1],"tags":[10373,2,4476,6,10374,10375],"class_list":["post-7380","post","type-post","status-publish","format-standard","hentry","category-sem-categoria","tag-aparecida-souza","tag-blog-do-edvaldo-magalhaes","tag-camara-de-vereadores-de-caruaru","tag-noticias","tag-secretaria-de-saude-de-caruaru-promove-10a-audiencia-publica","tag-sus-municipal"],"_links":{"self":[{"href":"https:\/\/blogdoedvaldomagalhaes.com.br\/index.php\/wp-json\/wp\/v2\/posts\/7380","targetHints":{"allow":["GET"]}}],"collection":[{"href":"https:\/\/blogdoedvaldomagalhaes.com.br\/index.php\/wp-json\/wp\/v2\/posts"}],"about":[{"href":"https:\/\/blogdoedvaldomagalhaes.com.br\/index.php\/wp-json\/wp\/v2\/types\/post"}],"author":[{"embeddable":true,"href":"https:\/\/blogdoedvaldomagalhaes.com.br\/index.php\/wp-json\/wp\/v2\/users\/1"}],"replies":[{"embeddable":true,"href":"https:\/\/blogdoedvaldomagalhaes.com.br\/index.php\/wp-json\/wp\/v2\/comments?post=7380"}],"version-history":[{"count":1,"href":"https:\/\/blogdoedvaldomagalhaes.com.br\/index.php\/wp-json\/wp\/v2\/posts\/7380\/revisions"}],"predecessor-version":[{"id":15044,"href":"https:\/\/blogdoedvaldomagalhaes.com.br\/index.php\/wp-json\/wp\/v2\/posts\/7380\/revisions\/15044"}],"wp:attachment":[{"href":"https:\/\/blogdoedvaldomagalhaes.com.br\/index.php\/wp-json\/wp\/v2\/media?parent=7380"}],"wp:term":[{"taxonomy":"category","embeddable":true,"href":"https:\/\/blogdoedvaldomagalhaes.com.br\/index.php\/wp-json\/wp\/v2\/categories?post=7380"},{"taxonomy":"post_tag","embeddable":true,"href":"https:\/\/blogdoedvaldomagalhaes.com.br\/index.php\/wp-json\/wp\/v2\/tags?post=7380"}],"curies":[{"name":"wp","href":"https:\/\/api.w.org\/{rel}","templated":true}]}}