{"id":7374,"date":"2016-12-14T18:47:00","date_gmt":"2016-12-14T20:47:00","guid":{"rendered":"http:\/\/blogdoedvaldomagalhaes.com.br\/index.php\/2016\/12\/14\/caminhao-capota-e-motorista-morre\/"},"modified":"2019-02-09T01:10:13","modified_gmt":"2019-02-09T03:10:13","slug":"caminhao-capota-e-motorista-morre","status":"publish","type":"post","link":"https:\/\/blogdoedvaldomagalhaes.com.br\/index.php\/2016\/12\/14\/caminhao-capota-e-motorista-morre\/","title":{"rendered":"Caminh\u00e3o capota e motorista morre"},"content":{"rendered":"<div class=\"separator\" style=\"clear: both; text-align: center;\">\n<a href=\"https:\/\/2.bp.blogspot.com\/-YJ3iR60QWpw\/WFGS9sLWrSI\/AAAAAAAALm8\/ChTg9uR8bR0khpf76DgsHFUoc0sM77UOwCLcB\/s1600\/caminh%25C3%25A3o.jpeg\" imageanchor=\"1\" style=\"margin-left: 1em; margin-right: 1em;\"><img loading=\"lazy\" decoding=\"async\" border=\"0\" height=\"238\" src=\"http:\/\/blogdoedvaldomagalhaes.com.br\/wp-content\/uploads\/2016\/12\/caminhC3A3o.jpeg\" width=\"400\" \/><\/a><\/div>\n<p><\/p>\n<div class=\"separator\" style=\"clear: both; text-align: center;\">\n<a href=\"https:\/\/1.bp.blogspot.com\/-8WGSkxX2p-8\/WFGTA3se2oI\/AAAAAAAALnA\/nYueXlG1-x8ejXiQ8BFkG5oN86CmsF2CgCLcB\/s1600\/caminh%25C3%25A3o%2B1.jpeg\" imageanchor=\"1\" style=\"margin-left: 1em; margin-right: 1em;\"><img loading=\"lazy\" decoding=\"async\" border=\"0\" height=\"238\" src=\"http:\/\/blogdoedvaldomagalhaes.com.br\/wp-content\/uploads\/2016\/12\/caminhC3A3o1.jpeg\" width=\"400\" \/><\/a><\/div>\n<p><\/p>\n<div class=\"separator\" style=\"clear: both; text-align: center;\">\n<a href=\"https:\/\/1.bp.blogspot.com\/-hz2p96MAT_E\/WFGTC21Ti0I\/AAAAAAAALnE\/f52ohmBNMCwzlix2qqAzmJEi1woiW4OkgCLcB\/s1600\/caminh%25C3%25A3o%2B2.jpeg\" imageanchor=\"1\" style=\"margin-left: 1em; margin-right: 1em;\"><img loading=\"lazy\" decoding=\"async\" border=\"0\" height=\"238\" src=\"http:\/\/blogdoedvaldomagalhaes.com.br\/wp-content\/uploads\/2016\/12\/caminhC3A3o2.jpeg\" width=\"400\" \/><\/a><\/div>\n<div class=\"separator\" style=\"clear: both; text-align: center;\">\nFotos: Adielson Galv\u00e3o<\/div>\n<div class=\"MsoNormal\" style=\"background-color: white; color: #222222; font-family: Arial, Tahoma, Helvetica, FreeSans, sans-serif; font-size: 13.2px; text-align: justify;\">\n<\/div>\n<div class=\"MsoNormal\" style=\"background-color: white; color: #222222; font-family: Arial, Tahoma, Helvetica, FreeSans, sans-serif; font-size: 13.2px; text-align: justify;\">\nO pipeiro&nbsp;Sandoval Batista de Lima, que morava no Distrito de Ameixas, em Cumaru, guiava um caminh\u00e3o pipa Mercedes Benz azul, placas KHS-0496 de Cumaru, quando por volta do meio dia desta quarta-feira (14) faleceu v\u00edtima de acidente de tr\u00e2nsito no Distrito de Cajazeiras, na zona rural de Bezerros.<\/div>\n<div class=\"MsoNormal\" style=\"background-color: white; color: #222222; font-family: Arial, Tahoma, Helvetica, FreeSans, sans-serif; font-size: 13.2px; text-align: justify;\">\n<\/div>\n<div class=\"separator\" style=\"clear: both; text-align: center;\">\n<a href=\"https:\/\/2.bp.blogspot.com\/-NrMi_I4KiKY\/WFGTKcWXK2I\/AAAAAAAALnI\/lu3a6WBZRGgV9pm1BJVDdzhVD77_q-GiQCLcB\/s1600\/caminh%25C3%25A3o%2B3.jpeg\" imageanchor=\"1\" style=\"margin-left: 1em; margin-right: 1em;\"><img loading=\"lazy\" decoding=\"async\" border=\"0\" height=\"400\" src=\"http:\/\/blogdoedvaldomagalhaes.com.br\/wp-content\/uploads\/2016\/12\/caminhC3A3o3.jpeg\" width=\"380\" \/><\/a><\/div>\n<div class=\"MsoNormal\" style=\"background-color: white; color: #222222; font-family: Arial, Tahoma, Helvetica, FreeSans, sans-serif; font-size: 13.2px; text-align: justify;\">\n<\/div>\n<div class=\"MsoNormal\" style=\"background-color: white; color: #222222; font-family: Arial, Tahoma, Helvetica, FreeSans, sans-serif; font-size: 13.2px; text-align: justify;\">\nDe acordo com informa\u00e7\u00f5es, a v\u00edtima estava sozinha no seu caminh\u00e3o, foi a cidade de Bezerros buscar uma carga de \u00e1gua e quando estava voltando para Cumaru talvez por ter faltado freio, desceu a ladeira desgovernado, sobrou numa curva, o caminh\u00e3o capotou, ele foi arremessado para fora do ve\u00edculo e morreu no local.&nbsp;O corpo da v\u00edtima foi encaminhado para o IML de Caruaru.<\/div>\n","protected":false},"excerpt":{"rendered":"<p>Fotos: Adielson Galv\u00e3o O pipeiro&nbsp;Sandoval Batista de Lima, que morava no Distrito de Ameixas, em Cumaru, guiava um caminh\u00e3o pipa&hellip;<\/p>\n","protected":false},"author":1,"featured_media":0,"comment_status":"open","ping_status":"open","sticky":false,"template":"","format":"standard","meta":{"footnotes":""},"categories":[1],"tags":[1548,2,10358,10359,2272,10360,10361,6],"class_list":["post-7374","post","type-post","status-publish","format-standard","hentry","category-sem-categoria","tag-bezerros","tag-blog-do-edvaldo-magalhaes","tag-caminhao-capota-e-motorista-morre","tag-caminhao-pipa","tag-cumaru","tag-distrito-de-cajazeiras","tag-mercedes-benz","tag-noticias"],"_links":{"self":[{"href":"https:\/\/blogdoedvaldomagalhaes.com.br\/index.php\/wp-json\/wp\/v2\/posts\/7374","targetHints":{"allow":["GET"]}}],"collection":[{"href":"https:\/\/blogdoedvaldomagalhaes.com.br\/index.php\/wp-json\/wp\/v2\/posts"}],"about":[{"href":"https:\/\/blogdoedvaldomagalhaes.com.br\/index.php\/wp-json\/wp\/v2\/types\/post"}],"author":[{"embeddable":true,"href":"https:\/\/blogdoedvaldomagalhaes.com.br\/index.php\/wp-json\/wp\/v2\/users\/1"}],"replies":[{"embeddable":true,"href":"https:\/\/blogdoedvaldomagalhaes.com.br\/index.php\/wp-json\/wp\/v2\/comments?post=7374"}],"version-history":[{"count":1,"href":"https:\/\/blogdoedvaldomagalhaes.com.br\/index.php\/wp-json\/wp\/v2\/posts\/7374\/revisions"}],"predecessor-version":[{"id":15064,"href":"https:\/\/blogdoedvaldomagalhaes.com.br\/index.php\/wp-json\/wp\/v2\/posts\/7374\/revisions\/15064"}],"wp:attachment":[{"href":"https:\/\/blogdoedvaldomagalhaes.com.br\/index.php\/wp-json\/wp\/v2\/media?parent=7374"}],"wp:term":[{"taxonomy":"category","embeddable":true,"href":"https:\/\/blogdoedvaldomagalhaes.com.br\/index.php\/wp-json\/wp\/v2\/categories?post=7374"},{"taxonomy":"post_tag","embeddable":true,"href":"https:\/\/blogdoedvaldomagalhaes.com.br\/index.php\/wp-json\/wp\/v2\/tags?post=7374"}],"curies":[{"name":"wp","href":"https:\/\/api.w.org\/{rel}","templated":true}]}}