{"id":7358,"date":"2016-12-16T03:01:00","date_gmt":"2016-12-16T05:01:00","guid":{"rendered":"http:\/\/blogdoedvaldomagalhaes.com.br\/index.php\/2016\/12\/16\/sanitarista-jose-marcolino-recebe\/"},"modified":"2019-02-09T01:10:19","modified_gmt":"2019-02-09T03:10:19","slug":"sanitarista-jose-marcolino-recebe","status":"publish","type":"post","link":"https:\/\/blogdoedvaldomagalhaes.com.br\/index.php\/2016\/12\/16\/sanitarista-jose-marcolino-recebe\/","title":{"rendered":"Sanitarista Jos\u00e9 Marcolino recebe homenagem na C\u00e2mara de Vereadores de Caruaru"},"content":{"rendered":"<div class=\"separator\" style=\"clear: both; text-align: center;\">\n<a href=\"https:\/\/1.bp.blogspot.com\/-a9BMJdbekr4\/WFNBFFfHzJI\/AAAAAAAALuQ\/JLHcJGcAmHsaTiEAM7str6gAAitAa-d2gCLcB\/s1600\/jos%25C3%25A9.jpg\" imageanchor=\"1\" style=\"margin-left: 1em; margin-right: 1em;\"><img loading=\"lazy\" decoding=\"async\" border=\"0\" height=\"238\" src=\"http:\/\/blogdoedvaldomagalhaes.com.br\/wp-content\/uploads\/2016\/12\/josC3A9.jpg\" width=\"400\" \/><\/a><\/div>\n<div style=\"text-align: justify;\">\nO sanitarista Jos\u00e9 Marcolino, recebe em Sess\u00e3o Solene na noite desta sexta-feira (16), na C\u00e2mara de Vereadores de Caruaru, &nbsp;a Medalha de Honra ao M\u00e9rito &#8220;Doutor Germiniano Campos&#8221;, propositura aprovada por unanimidade e de autoria do presidente da C\u00e2mara, Leonardo Chaves (PDT), pelos servi\u00e7os prestados \u00e0 Sa\u00fade P\u00fablica Municipal. Jos\u00e9 Marcolino agradece antecipadamente: &#8221; A nossa gratid\u00e3o ao Vereador Leonardo Chaves e seus respectivos Pares, por haverem aprovado por unanimidade essa Comenda \u00e1 mim&#8221;.<\/p>\n<p><\/p>\n<div class=\"separator\" style=\"clear: both; text-align: center;\">\n<a href=\"https:\/\/3.bp.blogspot.com\/-bYhNrD04V0M\/WFNHBQ9P2gI\/AAAAAAAALuo\/wNIfWn7O62wSS7Qn-g2g-NtXRTRV0grYwCLcB\/s1600\/marcolino.jpg\" imageanchor=\"1\" style=\"margin-left: 1em; margin-right: 1em;\"><img loading=\"lazy\" decoding=\"async\" border=\"0\" height=\"400\" src=\"http:\/\/blogdoedvaldomagalhaes.com.br\/wp-content\/uploads\/2016\/12\/marcolino.jpg\" width=\"218\" \/><\/a><\/div>\n<\/div>\n","protected":false},"excerpt":{"rendered":"<p>O sanitarista Jos\u00e9 Marcolino, recebe em Sess\u00e3o Solene na noite desta sexta-feira (16), na C\u00e2mara de Vereadores de Caruaru, &nbsp;a&hellip;<\/p>\n","protected":false},"author":1,"featured_media":0,"comment_status":"open","ping_status":"open","sticky":false,"template":"","format":"standard","meta":{"footnotes":""},"categories":[1],"tags":[2,10327,3634,20,10328],"class_list":["post-7358","post","type-post","status-publish","format-standard","hentry","category-sem-categoria","tag-blog-do-edvaldo-magalhaes","tag-leonardo-xaves","tag-pdt","tag-politica","tag-sanitarista-jose-marcolino-recebe-homenagem-na-camara-de-vereadores-de-caruaru"],"_links":{"self":[{"href":"https:\/\/blogdoedvaldomagalhaes.com.br\/index.php\/wp-json\/wp\/v2\/posts\/7358","targetHints":{"allow":["GET"]}}],"collection":[{"href":"https:\/\/blogdoedvaldomagalhaes.com.br\/index.php\/wp-json\/wp\/v2\/posts"}],"about":[{"href":"https:\/\/blogdoedvaldomagalhaes.com.br\/index.php\/wp-json\/wp\/v2\/types\/post"}],"author":[{"embeddable":true,"href":"https:\/\/blogdoedvaldomagalhaes.com.br\/index.php\/wp-json\/wp\/v2\/users\/1"}],"replies":[{"embeddable":true,"href":"https:\/\/blogdoedvaldomagalhaes.com.br\/index.php\/wp-json\/wp\/v2\/comments?post=7358"}],"version-history":[{"count":1,"href":"https:\/\/blogdoedvaldomagalhaes.com.br\/index.php\/wp-json\/wp\/v2\/posts\/7358\/revisions"}],"predecessor-version":[{"id":15100,"href":"https:\/\/blogdoedvaldomagalhaes.com.br\/index.php\/wp-json\/wp\/v2\/posts\/7358\/revisions\/15100"}],"wp:attachment":[{"href":"https:\/\/blogdoedvaldomagalhaes.com.br\/index.php\/wp-json\/wp\/v2\/media?parent=7358"}],"wp:term":[{"taxonomy":"category","embeddable":true,"href":"https:\/\/blogdoedvaldomagalhaes.com.br\/index.php\/wp-json\/wp\/v2\/categories?post=7358"},{"taxonomy":"post_tag","embeddable":true,"href":"https:\/\/blogdoedvaldomagalhaes.com.br\/index.php\/wp-json\/wp\/v2\/tags?post=7358"}],"curies":[{"name":"wp","href":"https:\/\/api.w.org\/{rel}","templated":true}]}}