{"id":7347,"date":"2016-12-17T03:05:00","date_gmt":"2016-12-17T05:05:00","guid":{"rendered":"http:\/\/blogdoedvaldomagalhaes.com.br\/index.php\/2016\/12\/17\/casa-do-cordel-realiza-confraternizacao\/"},"modified":"2019-02-09T01:10:27","modified_gmt":"2019-02-09T03:10:27","slug":"casa-do-cordel-realiza-confraternizacao","status":"publish","type":"post","link":"https:\/\/blogdoedvaldomagalhaes.com.br\/index.php\/2016\/12\/17\/casa-do-cordel-realiza-confraternizacao\/","title":{"rendered":"Casa do Cordel realiza confraterniza\u00e7\u00e3o cultural"},"content":{"rendered":"<div class=\"separator\" style=\"clear: both; text-align: center;\">\n<a href=\"https:\/\/2.bp.blogspot.com\/-DR9sYu5KJJs\/WFRpUHW6BpI\/AAAAAAAALwk\/_EMJVtlpXuklya3OdYCDUBt-VW_p-O8FgCLcB\/s1600\/Casa-do-Cordel-1.jpg\" imageanchor=\"1\" style=\"margin-left: 1em; margin-right: 1em;\"><img loading=\"lazy\" decoding=\"async\" border=\"0\" height=\"295\" src=\"http:\/\/blogdoedvaldomagalhaes.com.br\/wp-content\/uploads\/2016\/12\/Casa-do-Cordel-1.jpg\" width=\"400\" \/><\/a><\/div>\n<div class=\"MsoNormal\" style=\"line-height: normal; text-align: justify;\">\n<\/div>\n<div class=\"MsoNormal\" style=\"line-height: normal; text-align: justify;\">\nA Casa do<br \/>\nCordel, onde fica a sede da Academia Caruaruense de Literatura de Cordel, est\u00e1<br \/>\norganizando, neste s\u00e1bado (17), das 10h \u00e0s 13h, sua confraterniza\u00e7\u00e3o natalina e<br \/>\nconvida todos os seus acad\u00eamicos, poetas, escritores, e artistas em geral para<br \/>\nparticipar.<\/div>\n<div class=\"MsoNormal\" style=\"line-height: normal; text-align: justify;\">\n<\/div>\n<p><\/p>\n<div class=\"MsoNormal\" style=\"line-height: normal; text-align: justify;\">\nO evento<br \/>\nacontece na Casa dos Artistas, onde ser\u00e1 servido o tradicional sarapatel de<br \/>\nValdez Soares. Todos os conselheiros de Cultura est\u00e3o convidados e tamb\u00e9m as<br \/>\ndemais casas que comp\u00f5em o Polo Cultural da antiga Esta\u00e7\u00e3o Ferrovi\u00e1ria.<\/div>\n","protected":false},"excerpt":{"rendered":"<p>A Casa do Cordel, onde fica a sede da Academia Caruaruense de Literatura de Cordel, est\u00e1 organizando, neste s\u00e1bado (17),&hellip;<\/p>\n","protected":false},"author":1,"featured_media":0,"comment_status":"open","ping_status":"open","sticky":false,"template":"","format":"standard","meta":{"footnotes":""},"categories":[1],"tags":[8896,2,10302,6,10303],"class_list":["post-7347","post","type-post","status-publish","format-standard","hentry","category-sem-categoria","tag-academia-caruaruense-de-literatura-de-cordel","tag-blog-do-edvaldo-magalhaes","tag-casa-do-cordel-realiza-confraternizacao-cultural","tag-noticias","tag-sarapatel-de-valdez-soares"],"_links":{"self":[{"href":"https:\/\/blogdoedvaldomagalhaes.com.br\/index.php\/wp-json\/wp\/v2\/posts\/7347","targetHints":{"allow":["GET"]}}],"collection":[{"href":"https:\/\/blogdoedvaldomagalhaes.com.br\/index.php\/wp-json\/wp\/v2\/posts"}],"about":[{"href":"https:\/\/blogdoedvaldomagalhaes.com.br\/index.php\/wp-json\/wp\/v2\/types\/post"}],"author":[{"embeddable":true,"href":"https:\/\/blogdoedvaldomagalhaes.com.br\/index.php\/wp-json\/wp\/v2\/users\/1"}],"replies":[{"embeddable":true,"href":"https:\/\/blogdoedvaldomagalhaes.com.br\/index.php\/wp-json\/wp\/v2\/comments?post=7347"}],"version-history":[{"count":1,"href":"https:\/\/blogdoedvaldomagalhaes.com.br\/index.php\/wp-json\/wp\/v2\/posts\/7347\/revisions"}],"predecessor-version":[{"id":15128,"href":"https:\/\/blogdoedvaldomagalhaes.com.br\/index.php\/wp-json\/wp\/v2\/posts\/7347\/revisions\/15128"}],"wp:attachment":[{"href":"https:\/\/blogdoedvaldomagalhaes.com.br\/index.php\/wp-json\/wp\/v2\/media?parent=7347"}],"wp:term":[{"taxonomy":"category","embeddable":true,"href":"https:\/\/blogdoedvaldomagalhaes.com.br\/index.php\/wp-json\/wp\/v2\/categories?post=7347"},{"taxonomy":"post_tag","embeddable":true,"href":"https:\/\/blogdoedvaldomagalhaes.com.br\/index.php\/wp-json\/wp\/v2\/tags?post=7347"}],"curies":[{"name":"wp","href":"https:\/\/api.w.org\/{rel}","templated":true}]}}