{"id":7342,"date":"2016-12-17T20:02:00","date_gmt":"2016-12-17T22:02:00","guid":{"rendered":"http:\/\/blogdoedvaldomagalhaes.com.br\/index.php\/2016\/12\/17\/central-escalado-para-o-amistoso-contra\/"},"modified":"2019-02-09T01:10:29","modified_gmt":"2019-02-09T03:10:29","slug":"central-escalado-para-o-amistoso-contra","status":"publish","type":"post","link":"https:\/\/blogdoedvaldomagalhaes.com.br\/index.php\/2016\/12\/17\/central-escalado-para-o-amistoso-contra\/","title":{"rendered":"Central escalado para o amistoso contra o Campinense neste domingo"},"content":{"rendered":"<div class=\"MsoNormal\" style=\"text-align: justify;\">\n<div class=\"separator\" style=\"clear: both; text-align: center;\">\n<a href=\"https:\/\/2.bp.blogspot.com\/-53pKJcGvKng\/WFWa9ioSzLI\/AAAAAAAALyQ\/3HMHX43MsFkeni37jxa_q63djS6GRpPPgCLcB\/s1600\/IMG_5500-1400x933.jpg\" imageanchor=\"1\" style=\"margin-left: 1em; margin-right: 1em;\"><img loading=\"lazy\" decoding=\"async\" border=\"0\" height=\"266\" src=\"http:\/\/blogdoedvaldomagalhaes.com.br\/wp-content\/uploads\/2016\/12\/IMG_5500-1400x933.jpg\" width=\"400\" \/><\/a><\/div>\n<p><\/div>\n<div class=\"MsoNormal\" style=\"text-align: justify;\">\nO Central enfrenta o Campinense, \u00e0s 16h deste domingo (18), no Est\u00e1dio Luiz Jos\u00e9 de Lacerda, em Caruaru, no primeiro amistoso da pr\u00e9-temporada. O&nbsp;t\u00e9cnico Laelson Lima escalou a equipe com Murilo, Diogo Silva, Marlon Ventura, Everton Moura e Altemar; Everton Hora, David Manteiga, e Ailton; Yerien, Gildo e Anderson Lessa. O ingresso custa R$ 20,00 reais para qualquer setor do Lacerd\u00e3o<\/div>\n<div class=\"MsoNormal\" style=\"text-align: justify;\">\n<\/div>\n<div class=\"MsoNormal\" style=\"text-align: justify;\">\nO Campinense retornou aos treinos na<br \/>\ntarde dessa  sexta-feira (16), no est\u00e1dio Renat\u00e3o, dando prosseguimento<br \/>\naos trabalhos  de pr\u00e9-temporada visando as competi\u00e7\u00f5es de<br \/>\n2017. A primeira  delas ser\u00e1 o Campeonato Paraibano, e a Raposa estreia<br \/>\nno dia 08 de  janeiro, contra o Serrano, no est\u00e1dio Amig\u00e3o.&nbsp;O<br \/>\n  t\u00e9cnico Paulo Foiani comandou um trabalho t\u00e1tico com a equipe que<br \/>\ndever\u00e1 iniciar o duelo diante do Central-PE, neste domingo, \u00e0s 16h, no<br \/>\nest\u00e1dio Lacerd\u00e3o.&nbsp;O  prov\u00e1vel time titular para o amistoso contra o Central-PE deve ser Gleidson, Alex Travassos, Jo\u00e9cio, Paulo Para\u00edba e Ronaell; Magno, Jo\u00e3o Paulo, Carlos Magno e Lessinho; Tiago Orob\u00f3 e Azul.<\/div>\n","protected":false},"excerpt":{"rendered":"<p>O Central enfrenta o Campinense, \u00e0s 16h deste domingo (18), no Est\u00e1dio Luiz Jos\u00e9 de Lacerda, em Caruaru, no primeiro&hellip;<\/p>\n","protected":false},"author":1,"featured_media":0,"comment_status":"open","ping_status":"open","sticky":false,"template":"","format":"standard","meta":{"footnotes":""},"categories":[1],"tags":[2,10293,3613,3,8970,10294],"class_list":["post-7342","post","type-post","status-publish","format-standard","hentry","category-sem-categoria","tag-blog-do-edvaldo-magalhaes","tag-central-escalado-para-amistoso-contra-o-campinense","tag-estadio-lacerdao","tag-futebol","tag-laelson-lima","tag-paulo-foiani"],"_links":{"self":[{"href":"https:\/\/blogdoedvaldomagalhaes.com.br\/index.php\/wp-json\/wp\/v2\/posts\/7342","targetHints":{"allow":["GET"]}}],"collection":[{"href":"https:\/\/blogdoedvaldomagalhaes.com.br\/index.php\/wp-json\/wp\/v2\/posts"}],"about":[{"href":"https:\/\/blogdoedvaldomagalhaes.com.br\/index.php\/wp-json\/wp\/v2\/types\/post"}],"author":[{"embeddable":true,"href":"https:\/\/blogdoedvaldomagalhaes.com.br\/index.php\/wp-json\/wp\/v2\/users\/1"}],"replies":[{"embeddable":true,"href":"https:\/\/blogdoedvaldomagalhaes.com.br\/index.php\/wp-json\/wp\/v2\/comments?post=7342"}],"version-history":[{"count":1,"href":"https:\/\/blogdoedvaldomagalhaes.com.br\/index.php\/wp-json\/wp\/v2\/posts\/7342\/revisions"}],"predecessor-version":[{"id":15141,"href":"https:\/\/blogdoedvaldomagalhaes.com.br\/index.php\/wp-json\/wp\/v2\/posts\/7342\/revisions\/15141"}],"wp:attachment":[{"href":"https:\/\/blogdoedvaldomagalhaes.com.br\/index.php\/wp-json\/wp\/v2\/media?parent=7342"}],"wp:term":[{"taxonomy":"category","embeddable":true,"href":"https:\/\/blogdoedvaldomagalhaes.com.br\/index.php\/wp-json\/wp\/v2\/categories?post=7342"},{"taxonomy":"post_tag","embeddable":true,"href":"https:\/\/blogdoedvaldomagalhaes.com.br\/index.php\/wp-json\/wp\/v2\/tags?post=7342"}],"curies":[{"name":"wp","href":"https:\/\/api.w.org\/{rel}","templated":true}]}}