{"id":7336,"date":"2016-12-18T01:54:00","date_gmt":"2016-12-18T03:54:00","guid":{"rendered":"http:\/\/blogdoedvaldomagalhaes.com.br\/index.php\/2016\/12\/18\/medalha-de-honra-ao-merito-doutor\/"},"modified":"2019-02-09T01:10:39","modified_gmt":"2019-02-09T03:10:39","slug":"medalha-de-honra-ao-merito-doutor","status":"publish","type":"post","link":"https:\/\/blogdoedvaldomagalhaes.com.br\/index.php\/2016\/12\/18\/medalha-de-honra-ao-merito-doutor\/","title":{"rendered":"Medalha de Honra ao M\u00e9rito &#8220;Doutor Germiniano Campos&#8221; \u00e9 entregue a Jos\u00e9 Marcolino"},"content":{"rendered":"<div class=\"separator\" style=\"clear: both; text-align: center;\">\n<a href=\"https:\/\/2.bp.blogspot.com\/-wZUDAYt-GsQ\/WFXooLfuuqI\/AAAAAAAAL1Q\/i4qV3czBn7g8sGpFfhio-BlufLrckDqqwCLcB\/s1600\/01.jpg\" imageanchor=\"1\" style=\"margin-left: 1em; margin-right: 1em;\"><img loading=\"lazy\" decoding=\"async\" border=\"0\" height=\"281\" src=\"http:\/\/blogdoedvaldomagalhaes.com.br\/wp-content\/uploads\/2016\/12\/01-6.jpg\" width=\"400\" \/><\/a><\/div>\n<p><\/p>\n<div class=\"separator\" style=\"clear: both; text-align: center;\">\n<a href=\"https:\/\/3.bp.blogspot.com\/-Vqekd8siwXA\/WFXopAJmGsI\/AAAAAAAAL1U\/riBitnImiuoHBFh93a0KN0ANCgPZu4KOQCLcB\/s1600\/02.jpg\" imageanchor=\"1\" style=\"margin-left: 1em; margin-right: 1em;\"><img loading=\"lazy\" decoding=\"async\" border=\"0\" height=\"281\" src=\"http:\/\/blogdoedvaldomagalhaes.com.br\/wp-content\/uploads\/2016\/12\/02-6.jpg\" width=\"400\" \/><\/a><\/div>\n<p><\/p>\n<div class=\"separator\" style=\"clear: both; text-align: center;\">\n<a href=\"https:\/\/2.bp.blogspot.com\/-G-Q2lb6wA7o\/WFXoqrYRDRI\/AAAAAAAAL1Y\/WSY75xG6hQI4B_Cbk66zJ2QdPlk67SKEQCLcB\/s1600\/03.jpg\" imageanchor=\"1\" style=\"margin-left: 1em; margin-right: 1em;\"><img loading=\"lazy\" decoding=\"async\" border=\"0\" height=\"281\" src=\"http:\/\/blogdoedvaldomagalhaes.com.br\/wp-content\/uploads\/2016\/12\/03-5.jpg\" width=\"400\" \/><\/a><\/div>\n<p><\/p>\n<div class=\"separator\" style=\"clear: both; text-align: center;\">\n<a href=\"https:\/\/4.bp.blogspot.com\/-tZj9NZjAy0Y\/WFXosI2aoyI\/AAAAAAAAL1c\/iNSjn8dvRhofCl_GXhZp19U8tPXWEweWACLcB\/s1600\/04.jpg\" imageanchor=\"1\" style=\"margin-left: 1em; margin-right: 1em;\"><img loading=\"lazy\" decoding=\"async\" border=\"0\" height=\"281\" src=\"http:\/\/blogdoedvaldomagalhaes.com.br\/wp-content\/uploads\/2016\/12\/04-5.jpg\" width=\"400\" \/><\/a><\/div>\n<p><\/p>\n<div class=\"separator\" style=\"clear: both; text-align: center;\">\n<a href=\"https:\/\/4.bp.blogspot.com\/--IJ934luXLk\/WFXot07MI6I\/AAAAAAAAL1g\/NXk-TOKxtSoieZBKyq2I_GI1kaTPtyhLACLcB\/s1600\/05.jpg\" imageanchor=\"1\" style=\"margin-left: 1em; margin-right: 1em;\"><img loading=\"lazy\" decoding=\"async\" border=\"0\" height=\"281\" src=\"http:\/\/blogdoedvaldomagalhaes.com.br\/wp-content\/uploads\/2016\/12\/05-4.jpg\" width=\"400\" \/><\/a><\/div>\n<p><\/p>\n<div class=\"separator\" style=\"clear: both; text-align: center;\">\n<a href=\"https:\/\/2.bp.blogspot.com\/-v3cS8wl7gjI\/WFXovNGLboI\/AAAAAAAAL1k\/qcIp_WYR3Zg7jCDKmXbGQvOgyYPoF3BXQCLcB\/s1600\/06.jpg\" imageanchor=\"1\" style=\"margin-left: 1em; margin-right: 1em;\"><img loading=\"lazy\" decoding=\"async\" border=\"0\" height=\"281\" src=\"http:\/\/blogdoedvaldomagalhaes.com.br\/wp-content\/uploads\/2016\/12\/06-2.jpg\" width=\"400\" \/><\/a><\/div>\n<div class=\"separator\" style=\"clear: both; text-align: center;\">\nFotos: Vladimir Barreto<\/div>\n<div class=\"separator\" style=\"clear: both; text-align: center;\">\n<\/div>\n<p><\/p>\n<div style=\"text-align: justify;\">\nA C\u00e2mara Municipal de Caruaru realizou uma solenidade, nessa sexta-feira (16) quando entregou a Medalha de Honra ao M\u00e9rito &#8220;Doutor Geminiano Campos&#8221; ao sanitarista Jos\u00e9 Marcolino da Silva. A autoria da propositura \u00e9 do vereador&nbsp;<a class=\"profileLink\" data-hovercard-prefer-more-content-show=\"1\" data-hovercard=\"\/ajax\/hovercard\/user.php?id=100008381837619\" href=\"https:\/\/www.facebook.com\/leonardo.chaves.37853\" style=\"background-color: white; cursor: pointer; text-decoration: none;\">Leonardo Chaves<\/a>&nbsp;(PDT), presidente da C\u00e2mara, concedida atrav\u00e9s do Decreto Legislativo n\u00ba 412\/2007, de 20 de junho de 2007. A concess\u00e3o da honraria \u00e9 em reconhecimento aos servi\u00e7os prestados por ele na \u00e1rea da sa\u00fade.<\/div>\n<div style=\"text-align: justify;\">\n<\/div>\n<div style=\"text-align: justify;\">\nP\u00f3s graduado em Sa\u00fade P\u00fablica, o Prof. Marcolino foi chefe do Departamento de Controle de Vetores da Prefeitura de Caruaru e \u00e9 presidente da Uni\u00e3o Beneficente dos Artistas e Profissionais de Caruaru.<\/div>\n<div style=\"text-align: justify;\">\n<\/div>\n<div style=\"text-align: justify;\">\n&#8220;Grato ao Bel. Leonardo Chaves,Presidente do Poder Legislativo Caruaruense,aos seus Pares,pela unanimidade na aprova\u00e7\u00e3o dessa comenda, bem como as diversas pessoas que prestigiaram esse evento.&nbsp;Obrigado, meu DEUS, por mais esse reconhecimento aos servi\u00e7os que prestamos a Caruaru, pela sa\u00fade p\u00fablica.&nbsp;Para mim \u00e9 uma honra possuir, uma comenda em homenagem a um cidad\u00e3o e profissional m\u00e9dico, que desde 1912, ap\u00f3s concluir seu Curso de Medicina,em Salvador -BA,passou a residir e prestar inestim\u00e1veis servi\u00e7os a sociedade caruaruense,em especial aos mais humildes&#8221;, agradeceu Marcolino.<\/div>\n<p><\/p>\n<div class=\"_5pbx userContent\" data-ft=\"{&quot;tn&quot;:&quot;K&quot;}\" id=\"js_9c5\" style=\"font-weight: normal; line-height: 1.38;\">\n<div class=\"text_exposed_root text_exposed\" id=\"id_5855e90bbdd714247533525\" style=\"display: inline;\">\n<div style=\"display: block; margin: 0px 0px 6px;\">\n<\/div>\n<div style=\"text-align: justify;\">\n&#8220;Dr. Geminiano Durval Maciel Campos, era natural do Brejo da Madre de Deus. Um homem honrado, probo e humilde verdadeiramente. Mesmo convidado pelo ent\u00e3o Governador de Pernambuco , em 1953, \u00e1 ser candidato \u00fanico \u00e1 Prefeitura de Caruaru,aceitou naquele momento. Por\u00e9m, ap\u00f3s refletir melhor,cinco dias depois, desistiu, e agradeceu pelo convite a t\u00e3o honroso cargo.&nbsp;Foi o M\u00e9dico Geminiano Maciel, a me consultar em janeiro de 1961, expedindo o chamado Atestado M\u00e9dico, que me possibilitou ser admitido na Se\u00e7\u00e3o de Produ\u00e7\u00e3o da F\u00e1brica da Coca- Cola de Caruaru, somente vindo a ser demitido a pedido, em abril de 1964. Quando ingressei no servi\u00e7o p\u00fablico federal, por Concurso P\u00fablico&#8221;, concluiu Jos\u00e9 Marcolino.<\/div>\n<\/div>\n<\/div>\n","protected":false},"excerpt":{"rendered":"<p>Fotos: Vladimir Barreto A C\u00e2mara Municipal de Caruaru realizou uma solenidade, nessa sexta-feira (16) quando entregou a Medalha de Honra&hellip;<\/p>\n","protected":false},"author":1,"featured_media":0,"comment_status":"open","ping_status":"open","sticky":false,"template":"","format":"standard","meta":{"footnotes":""},"categories":[1],"tags":[2,4648,10285,20],"class_list":["post-7336","post","type-post","status-publish","format-standard","hentry","category-sem-categoria","tag-blog-do-edvaldo-magalhaes","tag-leonardo-chaves","tag-medalha-de-honra-ao-merito-doutor-germiniano-campos-e-entregue-a-jose-marcolino","tag-politica"],"_links":{"self":[{"href":"https:\/\/blogdoedvaldomagalhaes.com.br\/index.php\/wp-json\/wp\/v2\/posts\/7336","targetHints":{"allow":["GET"]}}],"collection":[{"href":"https:\/\/blogdoedvaldomagalhaes.com.br\/index.php\/wp-json\/wp\/v2\/posts"}],"about":[{"href":"https:\/\/blogdoedvaldomagalhaes.com.br\/index.php\/wp-json\/wp\/v2\/types\/post"}],"author":[{"embeddable":true,"href":"https:\/\/blogdoedvaldomagalhaes.com.br\/index.php\/wp-json\/wp\/v2\/users\/1"}],"replies":[{"embeddable":true,"href":"https:\/\/blogdoedvaldomagalhaes.com.br\/index.php\/wp-json\/wp\/v2\/comments?post=7336"}],"version-history":[{"count":1,"href":"https:\/\/blogdoedvaldomagalhaes.com.br\/index.php\/wp-json\/wp\/v2\/posts\/7336\/revisions"}],"predecessor-version":[{"id":15179,"href":"https:\/\/blogdoedvaldomagalhaes.com.br\/index.php\/wp-json\/wp\/v2\/posts\/7336\/revisions\/15179"}],"wp:attachment":[{"href":"https:\/\/blogdoedvaldomagalhaes.com.br\/index.php\/wp-json\/wp\/v2\/media?parent=7336"}],"wp:term":[{"taxonomy":"category","embeddable":true,"href":"https:\/\/blogdoedvaldomagalhaes.com.br\/index.php\/wp-json\/wp\/v2\/categories?post=7336"},{"taxonomy":"post_tag","embeddable":true,"href":"https:\/\/blogdoedvaldomagalhaes.com.br\/index.php\/wp-json\/wp\/v2\/tags?post=7336"}],"curies":[{"name":"wp","href":"https:\/\/api.w.org\/{rel}","templated":true}]}}