{"id":7335,"date":"2016-12-18T04:00:00","date_gmt":"2016-12-18T06:00:00","guid":{"rendered":"http:\/\/blogdoedvaldomagalhaes.com.br\/index.php\/2016\/12\/18\/ompartilhe-crianca-precisa-de-ajuda\/"},"modified":"2019-02-09T01:10:39","modified_gmt":"2019-02-09T03:10:39","slug":"ompartilhe-crianca-precisa-de-ajuda","status":"publish","type":"post","link":"https:\/\/blogdoedvaldomagalhaes.com.br\/index.php\/2016\/12\/18\/ompartilhe-crianca-precisa-de-ajuda\/","title":{"rendered":"Compartilhe: Crian\u00e7a precisa de ajuda para fazer cirurgia de urg\u00eancia, vamos salvo-lo"},"content":{"rendered":"<div dir=\"auto\" style=\"background-color: white;\">\n<div class=\"separator\" style=\"clear: both; text-align: center;\">\n<a href=\"https:\/\/3.bp.blogspot.com\/-HC1HE0ZuVX8\/WFX3KWbdEhI\/AAAAAAAAL2A\/TKosMtq8hSQeiUDVUCs0HeMxEEbZesLqQCLcB\/s1600\/menino.jpg\" imageanchor=\"1\" style=\"margin-left: 1em; margin-right: 1em;\"><img loading=\"lazy\" decoding=\"async\" border=\"0\" height=\"400\" src=\"http:\/\/blogdoedvaldomagalhaes.com.br\/wp-content\/uploads\/2016\/12\/menino.jpg\" width=\"400\" \/><\/a><\/div>\n<div style=\"text-align: justify;\">\n<\/div>\n<div style=\"text-align: justify;\">\nEle tem 6 anos e j\u00e1 passou por 2 cirurgias para retirar um tumor do c\u00e9rebro, que est\u00e1 localizado na parte central do sistema nervoso.&nbsp;<\/div>\n<div style=\"text-align: justify;\">\n<\/div>\n<div style=\"text-align: justify;\">\nNa primeira cirurgia, os m\u00e9dicos acreditaram que tinha dado tudo certo e que ele estava curado, mas quase tr\u00eas anos depois, ele teve que se submeter a outra cirurgia.&nbsp;<\/div>\n<div style=\"text-align: justify;\">\n<\/div>\n<div style=\"text-align: justify;\">\nDessa vez, Roginho ficou com muitas sequelas, entre elas, convuls\u00e3o e agressividade. Ele&nbsp;deixou de ir \u00e0 escola e ficou com dificuldade de interagir com outras pessoas.&nbsp;<\/div>\n<div style=\"text-align: justify;\">\n<\/div>\n<div style=\"text-align: justify;\">\nA m\u00e3e dele, Cec\u00edlia Rocha, entrou em contato com uma equipe m\u00e9dica, em S\u00e3o Paulo, que avaliou o caso e informou que era necess\u00e1rio fazer outra cirurgia, de urg\u00eancia.&nbsp;<\/div>\n<div style=\"text-align: justify;\">\n<\/div>\n<div style=\"text-align: justify;\">\nO plano de sa\u00fade de Roginho n\u00e3o cobre esse tipo de procedimento, que ter\u00e1 de ser particular.&nbsp;Agora, a fam\u00edlia e amigos est\u00e3o se mobilizando para conseguir juntar o dinheiro da cirurgia e das despesas: R$ 95 mil reais.&nbsp;<\/div>\n<div style=\"text-align: justify;\">\n<\/div>\n<\/div>\n<div dir=\"auto\" style=\"background-color: white;\">\n<div style=\"text-align: justify;\">\n\u200bPara isso, foi iniciada uma campanha nas redes sociais.&nbsp;<\/div>\n<\/div>\n<div dir=\"auto\" style=\"background-color: white;\">\n<div style=\"text-align: justify;\">\n<\/div>\n<div style=\"text-align: justify;\">\nQuem quiser ajudar, pode entrar na p\u00e1gina:&nbsp;<\/div>\n<div style=\"text-align: justify;\">\n<a data-saferedirecturl=\"https:\/\/www.google.com\/url?hl=pt-BR&amp;q=http:\/\/facebook.com\/todosporroginho&amp;source=gmail&amp;ust=1482113919764000&amp;usg=AFQjCNEJMczgDaCWwu-U1OhuFNWUmL9mQg\" href=\"http:\/\/facebook.com\/todosporroginho\" style=\"text-decoration: none;\" target=\"_blank\">facebook.com\/todosporroginho<\/a>&nbsp;ou&nbsp;acessar o link:&nbsp;<a data-saferedirecturl=\"https:\/\/www.google.com\/url?hl=pt-BR&amp;q=http:\/\/www.vakinha.com.br\/vaquinha\/roginho-esta-precisando-de-ajuda&amp;source=gmail&amp;ust=1482113919764000&amp;usg=AFQjCNGaG2Bz_reo9GgHrOZMMvlVtSSsvw\" href=\"http:\/\/www.vakinha.com.br\/vaquinha\/roginho-esta-precisando-de-ajuda\" style=\"font-family: Arial, Helvetica, sans-serif; text-decoration: none;\" target=\"_blank\">www.vakinha.com.br\/vaquinha\/roginho-esta-precisando-de-ajuda<\/a><\/div>\n<div style=\"text-align: justify;\">\n<\/div>\n<div style=\"text-align: justify;\">\nToda ajuda ser\u00e1 bem-vinda pela fam\u00edlia que aguarda ansiosamente para curar Roginho.<\/div>\n<\/div>\n","protected":false},"excerpt":{"rendered":"<p>Ele tem 6 anos e j\u00e1 passou por 2 cirurgias para retirar um tumor do c\u00e9rebro, que est\u00e1 localizado na&hellip;<\/p>\n","protected":false},"author":1,"featured_media":0,"comment_status":"open","ping_status":"open","sticky":false,"template":"","format":"standard","meta":{"footnotes":""},"categories":[1],"tags":[2,10284,6],"class_list":["post-7335","post","type-post","status-publish","format-standard","hentry","category-sem-categoria","tag-blog-do-edvaldo-magalhaes","tag-compartilhe-crianca-precisa-de-ajuda-para-fazer-cirurgia-de-urgencia-vamos-salva-la","tag-noticias"],"_links":{"self":[{"href":"https:\/\/blogdoedvaldomagalhaes.com.br\/index.php\/wp-json\/wp\/v2\/posts\/7335","targetHints":{"allow":["GET"]}}],"collection":[{"href":"https:\/\/blogdoedvaldomagalhaes.com.br\/index.php\/wp-json\/wp\/v2\/posts"}],"about":[{"href":"https:\/\/blogdoedvaldomagalhaes.com.br\/index.php\/wp-json\/wp\/v2\/types\/post"}],"author":[{"embeddable":true,"href":"https:\/\/blogdoedvaldomagalhaes.com.br\/index.php\/wp-json\/wp\/v2\/users\/1"}],"replies":[{"embeddable":true,"href":"https:\/\/blogdoedvaldomagalhaes.com.br\/index.php\/wp-json\/wp\/v2\/comments?post=7335"}],"version-history":[{"count":1,"href":"https:\/\/blogdoedvaldomagalhaes.com.br\/index.php\/wp-json\/wp\/v2\/posts\/7335\/revisions"}],"predecessor-version":[{"id":15181,"href":"https:\/\/blogdoedvaldomagalhaes.com.br\/index.php\/wp-json\/wp\/v2\/posts\/7335\/revisions\/15181"}],"wp:attachment":[{"href":"https:\/\/blogdoedvaldomagalhaes.com.br\/index.php\/wp-json\/wp\/v2\/media?parent=7335"}],"wp:term":[{"taxonomy":"category","embeddable":true,"href":"https:\/\/blogdoedvaldomagalhaes.com.br\/index.php\/wp-json\/wp\/v2\/categories?post=7335"},{"taxonomy":"post_tag","embeddable":true,"href":"https:\/\/blogdoedvaldomagalhaes.com.br\/index.php\/wp-json\/wp\/v2\/tags?post=7335"}],"curies":[{"name":"wp","href":"https:\/\/api.w.org\/{rel}","templated":true}]}}