{"id":73310,"date":"2021-08-15T10:33:01","date_gmt":"2021-08-15T13:33:01","guid":{"rendered":"https:\/\/blogdoedvaldomagalhaes.com.br\/?p=73310"},"modified":"2021-08-15T10:33:03","modified_gmt":"2021-08-15T13:33:03","slug":"otorrinolaringologista-explica-causas-e-tratamento-para-curar-infeccao-auditiva","status":"publish","type":"post","link":"https:\/\/blogdoedvaldomagalhaes.com.br\/index.php\/2021\/08\/15\/otorrinolaringologista-explica-causas-e-tratamento-para-curar-infeccao-auditiva\/","title":{"rendered":"Otorrinolaringologista explica causas e tratamento para curar infec\u00e7\u00e3o auditiva"},"content":{"rendered":"<p style=\"text-align: justify;\"><span style=\"font-size: inherit;\">A otalgia, tamb\u00e9m conhecida como dor de ouvido, \u00e9 uma infec\u00e7\u00e3o muito comum nas pessoas, em especial nas crian\u00e7as. As causas dessa enfermidade podem estar ligadas a v\u00e1rios problemas, como relata a otorrinolaringologista, Liane R\u00eago, credenciada ao Cart\u00e3o Sa\u00fade S\u00e3o Gabriel.<\/span><\/p>\n<p style=\"text-align: justify;\">\u201cOtalgia significa dor na orelha, nos ouvidos, e as causas podem ser as mais diversas como otites (externa e m\u00e9dia), pericondrites, mastoidites, Disfun\u00e7\u00e3o de Articula\u00e7\u00e3o temporomandibular, odontalgia, neuralgia, neoplasias, amigdalites, dentra outras\u201d, explica a m\u00e9dica.<\/p>\n<p style=\"text-align: justify;\">Quando o assunto \u00e9 tratamento, existem diversos fatores que podem direcionar isso. Por se tratar de uma infec\u00e7\u00e3o, o m\u00e9dico pode prescrever antibi\u00f3ticos de uso oral ou at\u00e9 gotas auriculares com antibi\u00f3tico na composi\u00e7\u00e3o, al\u00e9m de corticoides. Mas \u00e9 preciso passar por um especialista para que ele direcione a forma mais adequada de tratar.<\/p>\n<p style=\"text-align: justify;\">\u201cOs sintomas da otalgia s\u00e3o exatamente as dores, mas ela tem cura. S\u00e3o diversos os meios de tratamento, por\u00e9m tem que identificar a causa para tratar corretamente\u201d, conclui a otorrino.<\/p>\n","protected":false},"excerpt":{"rendered":"<p>A otalgia, tamb\u00e9m conhecida como dor de ouvido, \u00e9 uma infec\u00e7\u00e3o muito comum nas pessoas, em especial nas crian\u00e7as. As&hellip;<\/p>\n","protected":false},"author":1,"featured_media":73311,"comment_status":"open","ping_status":"open","sticky":false,"template":"","format":"standard","meta":{"footnotes":""},"categories":[14120],"tags":[2,19532,1950,22464],"class_list":["post-73310","post","type-post","status-publish","format-standard","has-post-thumbnail","hentry","category-noticias","tag-blog-do-edvaldo-magalhaes","tag-blog-mais-acessado-e-visualizado-de-caruaru-e-regiao","tag-noticias-de-caruaru","tag-otorrinolaringologista-explica-causas-e-tratamento-para-curar-infeccao-auditiva"],"_links":{"self":[{"href":"https:\/\/blogdoedvaldomagalhaes.com.br\/index.php\/wp-json\/wp\/v2\/posts\/73310","targetHints":{"allow":["GET"]}}],"collection":[{"href":"https:\/\/blogdoedvaldomagalhaes.com.br\/index.php\/wp-json\/wp\/v2\/posts"}],"about":[{"href":"https:\/\/blogdoedvaldomagalhaes.com.br\/index.php\/wp-json\/wp\/v2\/types\/post"}],"author":[{"embeddable":true,"href":"https:\/\/blogdoedvaldomagalhaes.com.br\/index.php\/wp-json\/wp\/v2\/users\/1"}],"replies":[{"embeddable":true,"href":"https:\/\/blogdoedvaldomagalhaes.com.br\/index.php\/wp-json\/wp\/v2\/comments?post=73310"}],"version-history":[{"count":1,"href":"https:\/\/blogdoedvaldomagalhaes.com.br\/index.php\/wp-json\/wp\/v2\/posts\/73310\/revisions"}],"predecessor-version":[{"id":73312,"href":"https:\/\/blogdoedvaldomagalhaes.com.br\/index.php\/wp-json\/wp\/v2\/posts\/73310\/revisions\/73312"}],"wp:featuredmedia":[{"embeddable":true,"href":"https:\/\/blogdoedvaldomagalhaes.com.br\/index.php\/wp-json\/wp\/v2\/media\/73311"}],"wp:attachment":[{"href":"https:\/\/blogdoedvaldomagalhaes.com.br\/index.php\/wp-json\/wp\/v2\/media?parent=73310"}],"wp:term":[{"taxonomy":"category","embeddable":true,"href":"https:\/\/blogdoedvaldomagalhaes.com.br\/index.php\/wp-json\/wp\/v2\/categories?post=73310"},{"taxonomy":"post_tag","embeddable":true,"href":"https:\/\/blogdoedvaldomagalhaes.com.br\/index.php\/wp-json\/wp\/v2\/tags?post=73310"}],"curies":[{"name":"wp","href":"https:\/\/api.w.org\/{rel}","templated":true}]}}