{"id":73304,"date":"2021-08-15T09:04:05","date_gmt":"2021-08-15T12:04:05","guid":{"rendered":"https:\/\/blogdoedvaldomagalhaes.com.br\/?p=73304"},"modified":"2021-08-15T09:55:09","modified_gmt":"2021-08-15T12:55:09","slug":"carro-derruba-poste-e-ocupantes-ficam-feridos-em-caruaru","status":"publish","type":"post","link":"https:\/\/blogdoedvaldomagalhaes.com.br\/index.php\/2021\/08\/15\/carro-derruba-poste-e-ocupantes-ficam-feridos-em-caruaru\/","title":{"rendered":"Carro derruba poste e ocupantes ficam feridos em Caruaru"},"content":{"rendered":"<p style=\"text-align: justify;\">Um acidente de tr\u00e2nsito aconteceu na noite desse s\u00e1bado (14), na Avenida Jos\u00e9 Rodrigue de Jesus, em Caruaru. Um ve\u00edculo Gol de cor azul atingiu um poste no sentido Centro ao Hospital Regional do Agreste (HRA).<\/p>\n<p style=\"text-align: justify;\">Com o impacto, o poste caiu e a frente do ve\u00edculo ficou parcialmente destru\u00edda. Os ocupantes do carro ficaram feridos e foram socorridos por equipes do SAMU e Corpo de Bombeiros, uma mulher ainda n\u00e3o identificada ficou com o quadro cl\u00ednico mais grave.<\/p>\n<p>Por Helenivaldo Pereira.<\/p>\n","protected":false},"excerpt":{"rendered":"<p>Um acidente de tr\u00e2nsito aconteceu na noite desse s\u00e1bado (14), na Avenida Jos\u00e9 Rodrigue de Jesus, em Caruaru. Um ve\u00edculo&hellip;<\/p>\n","protected":false},"author":1,"featured_media":73305,"comment_status":"open","ping_status":"open","sticky":false,"template":"","format":"standard","meta":{"footnotes":""},"categories":[14120],"tags":[2,19532,22463,1950],"class_list":["post-73304","post","type-post","status-publish","format-standard","has-post-thumbnail","hentry","category-noticias","tag-blog-do-edvaldo-magalhaes","tag-blog-mais-acessado-e-visualizado-de-caruaru-e-regiao","tag-carro-derruba-poste-e-ocupantes-ficam-feridos-em-caruaru","tag-noticias-de-caruaru"],"_links":{"self":[{"href":"https:\/\/blogdoedvaldomagalhaes.com.br\/index.php\/wp-json\/wp\/v2\/posts\/73304","targetHints":{"allow":["GET"]}}],"collection":[{"href":"https:\/\/blogdoedvaldomagalhaes.com.br\/index.php\/wp-json\/wp\/v2\/posts"}],"about":[{"href":"https:\/\/blogdoedvaldomagalhaes.com.br\/index.php\/wp-json\/wp\/v2\/types\/post"}],"author":[{"embeddable":true,"href":"https:\/\/blogdoedvaldomagalhaes.com.br\/index.php\/wp-json\/wp\/v2\/users\/1"}],"replies":[{"embeddable":true,"href":"https:\/\/blogdoedvaldomagalhaes.com.br\/index.php\/wp-json\/wp\/v2\/comments?post=73304"}],"version-history":[{"count":2,"href":"https:\/\/blogdoedvaldomagalhaes.com.br\/index.php\/wp-json\/wp\/v2\/posts\/73304\/revisions"}],"predecessor-version":[{"id":73309,"href":"https:\/\/blogdoedvaldomagalhaes.com.br\/index.php\/wp-json\/wp\/v2\/posts\/73304\/revisions\/73309"}],"wp:featuredmedia":[{"embeddable":true,"href":"https:\/\/blogdoedvaldomagalhaes.com.br\/index.php\/wp-json\/wp\/v2\/media\/73305"}],"wp:attachment":[{"href":"https:\/\/blogdoedvaldomagalhaes.com.br\/index.php\/wp-json\/wp\/v2\/media?parent=73304"}],"wp:term":[{"taxonomy":"category","embeddable":true,"href":"https:\/\/blogdoedvaldomagalhaes.com.br\/index.php\/wp-json\/wp\/v2\/categories?post=73304"},{"taxonomy":"post_tag","embeddable":true,"href":"https:\/\/blogdoedvaldomagalhaes.com.br\/index.php\/wp-json\/wp\/v2\/tags?post=73304"}],"curies":[{"name":"wp","href":"https:\/\/api.w.org\/{rel}","templated":true}]}}