{"id":73296,"date":"2021-08-14T18:51:27","date_gmt":"2021-08-14T21:51:27","guid":{"rendered":"https:\/\/blogdoedvaldomagalhaes.com.br\/?p=73296"},"modified":"2021-08-14T19:29:08","modified_gmt":"2021-08-14T22:29:08","slug":"se-raquel-for-candidata-o-cidadania-esta-com-ela-diz-daniel-coelho-em-caruaru","status":"publish","type":"post","link":"https:\/\/blogdoedvaldomagalhaes.com.br\/index.php\/2021\/08\/14\/se-raquel-for-candidata-o-cidadania-esta-com-ela-diz-daniel-coelho-em-caruaru\/","title":{"rendered":"Se Raquel for candidata, o Cidadania est\u00e1 com ela, diz Daniel Coelho em Caruaru"},"content":{"rendered":"<p style=\"text-align: justify;\"><span style=\"font-size: inherit;\">Neste s\u00e1bado (14) o Cidadania-PE promoveu o primeiro encontro estadual da legenda. O evento ocorreu em Caruaru, Agreste de Pernambuco. A reuni\u00e3o contou com a presen\u00e7a da prefeita de Caruaru, Raquel Lyra (PSDB), e do deputado federal Daniel Coelho, presidente estadual do partido.<\/span><\/p>\n<p style=\"text-align: justify;\">No evento, Daniel Coelho mencionou o fortalecimento da poss\u00edvel candidatura de Raquel Lyra a governadora do Estado. \u201cA imprensa j\u00e1 comenta a possibilidade da candidatura de Raquel ao governo. Sendo candidata, o Cidadania vai apoi\u00e1-la\u201d, disse o parlamentar.<\/p>\n<p style=\"text-align: justify;\">Daniel, por\u00e9m, sublinhou que a candidatura de Raquel ainda n\u00e3o foi confirmada por ela. Segundo o deputado, a iminente san\u00e7\u00e3o das federa\u00e7\u00f5es partid\u00e1rias possibilitar\u00e1 a alian\u00e7a, por quatro anos, entre o Cidadania e o PSDB.<\/p>\n<p style=\"text-align: justify;\">Raquel Lyra, presidente estadual do PSDB, em sua fala de abertura, repercutiu o Pacto pelo Nordeste, programa que foi apresentado ao governador do Rio Grande do Sul, Eduardo Leite, do mesmo partido. Leite \u00e9 cotado como poss\u00edvel candidato tucano \u00e0 presid\u00eancia. \u201cO nordeste n\u00e3o pode mais chegar de m\u00e3os abanando, pedindo recurso. N\u00f3s queremos ser uma for\u00e7a propulsora de desenvolvimento\u201d, afirmou Raquel Lyra.<\/p>\n<p style=\"text-align: justify;\">1\u00b0 Encontro Estadual do Cidadania<\/p>\n<p style=\"text-align: justify;\">O col\u00f3quio reuniu prefeitos e vereadores filiados. Em gesto \u00e0 legenda, tamb\u00e9m estiveram presentes o ex-governador Jo\u00e3o Lyra Neto \u2014 pai da prefeita Raquel Lyra \u2014 e o vice-prefeito Rodrigo Pinheiro (PSDB). A prefeita Dona Gra\u00e7a, de Catende, rec\u00e9m filiada ao PSDB. Do Cidadania, o prefeito Guiga, de Vic\u00eancia; e Pel Lages, de S\u00e3o Jos\u00e9 da Coroa Grande, tamb\u00e9m compuseram a mesa de abertura do evento.<\/p>\n<p style=\"text-align: justify;\">Al\u00e9m dos debates iniciais, o evento contou com a posse aos membros dos segmentos do Cidadania: Igualdade 23, Diversidade 23, Secretaria da Mulher. \u201cO encontro consolidou a for\u00e7a do Cidadania em Pernambuco. Um partido que vai completar 100 anos, que soube se renovar ao longo da hist\u00f3ria\u201d, disse Jo\u00e3o Freire, secret\u00e1rio-geral do partido no estado.<\/p>\n<p style=\"text-align: justify;\">\u201cO evento foi um grande sucesso. Al\u00e9m de reunir nossos representantes nos munic\u00edpios, fizemos um indicativo de apoio \u00e0 Raquel Lyra caso seja candidata. Marcamos posi\u00e7\u00e3o e refor\u00e7amos nossas lideran\u00e7as\u201d, pontuou Daniel Coelho.<\/p>\n\n\n<figure class=\"wp-block-image size-large\"><img loading=\"lazy\" decoding=\"async\" width=\"1024\" height=\"576\" src=\"https:\/\/blogdoedvaldomagalhaes.com.br\/wp-content\/uploads\/2021\/08\/IMG-20210814-WA0096-1024x576.jpeg\" alt=\"\" class=\"wp-image-73300\" srcset=\"https:\/\/blogdoedvaldomagalhaes.com.br\/wp-content\/uploads\/2021\/08\/IMG-20210814-WA0096-1024x576.jpeg 1024w, https:\/\/blogdoedvaldomagalhaes.com.br\/wp-content\/uploads\/2021\/08\/IMG-20210814-WA0096-300x169.jpeg 300w, https:\/\/blogdoedvaldomagalhaes.com.br\/wp-content\/uploads\/2021\/08\/IMG-20210814-WA0096-768x432.jpeg 768w, https:\/\/blogdoedvaldomagalhaes.com.br\/wp-content\/uploads\/2021\/08\/IMG-20210814-WA0096-1536x864.jpeg 1536w, https:\/\/blogdoedvaldomagalhaes.com.br\/wp-content\/uploads\/2021\/08\/IMG-20210814-WA0096-2048x1152.jpeg 2048w, https:\/\/blogdoedvaldomagalhaes.com.br\/wp-content\/uploads\/2021\/08\/IMG-20210814-WA0096-1140x641.jpeg 1140w, https:\/\/blogdoedvaldomagalhaes.com.br\/wp-content\/uploads\/2021\/08\/IMG-20210814-WA0096-720x405.jpeg 720w\" sizes=\"auto, (max-width: 1024px) 100vw, 1024px\" \/><\/figure>\n\n\n\n<figure class=\"wp-block-image size-large\"><img loading=\"lazy\" decoding=\"async\" width=\"1024\" height=\"576\" src=\"https:\/\/blogdoedvaldomagalhaes.com.br\/wp-content\/uploads\/2021\/08\/IMG-20210814-WA0093-1024x576.jpeg\" alt=\"\" class=\"wp-image-73301\" srcset=\"https:\/\/blogdoedvaldomagalhaes.com.br\/wp-content\/uploads\/2021\/08\/IMG-20210814-WA0093-1024x576.jpeg 1024w, https:\/\/blogdoedvaldomagalhaes.com.br\/wp-content\/uploads\/2021\/08\/IMG-20210814-WA0093-300x169.jpeg 300w, https:\/\/blogdoedvaldomagalhaes.com.br\/wp-content\/uploads\/2021\/08\/IMG-20210814-WA0093-768x432.jpeg 768w, https:\/\/blogdoedvaldomagalhaes.com.br\/wp-content\/uploads\/2021\/08\/IMG-20210814-WA0093-1536x864.jpeg 1536w, https:\/\/blogdoedvaldomagalhaes.com.br\/wp-content\/uploads\/2021\/08\/IMG-20210814-WA0093-2048x1152.jpeg 2048w, https:\/\/blogdoedvaldomagalhaes.com.br\/wp-content\/uploads\/2021\/08\/IMG-20210814-WA0093-1140x641.jpeg 1140w, https:\/\/blogdoedvaldomagalhaes.com.br\/wp-content\/uploads\/2021\/08\/IMG-20210814-WA0093-720x405.jpeg 720w\" sizes=\"auto, (max-width: 1024px) 100vw, 1024px\" \/><\/figure>\n\n\n\n<figure class=\"wp-block-image size-large\"><img loading=\"lazy\" decoding=\"async\" width=\"1024\" height=\"576\" src=\"https:\/\/blogdoedvaldomagalhaes.com.br\/wp-content\/uploads\/2021\/08\/IMG-20210814-WA0169-1024x576.jpg\" alt=\"\" class=\"wp-image-73302\" srcset=\"https:\/\/blogdoedvaldomagalhaes.com.br\/wp-content\/uploads\/2021\/08\/IMG-20210814-WA0169-1024x576.jpg 1024w, https:\/\/blogdoedvaldomagalhaes.com.br\/wp-content\/uploads\/2021\/08\/IMG-20210814-WA0169-300x169.jpg 300w, https:\/\/blogdoedvaldomagalhaes.com.br\/wp-content\/uploads\/2021\/08\/IMG-20210814-WA0169-768x432.jpg 768w, https:\/\/blogdoedvaldomagalhaes.com.br\/wp-content\/uploads\/2021\/08\/IMG-20210814-WA0169-1536x864.jpg 1536w, https:\/\/blogdoedvaldomagalhaes.com.br\/wp-content\/uploads\/2021\/08\/IMG-20210814-WA0169-1140x641.jpg 1140w, https:\/\/blogdoedvaldomagalhaes.com.br\/wp-content\/uploads\/2021\/08\/IMG-20210814-WA0169-720x405.jpg 720w, https:\/\/blogdoedvaldomagalhaes.com.br\/wp-content\/uploads\/2021\/08\/IMG-20210814-WA0169.jpg 1600w\" sizes=\"auto, (max-width: 1024px) 100vw, 1024px\" \/><\/figure>\n","protected":false},"excerpt":{"rendered":"<p>Neste s\u00e1bado (14) o Cidadania-PE promoveu o primeiro encontro estadual da legenda. O evento ocorreu em Caruaru, Agreste de Pernambuco.&hellip;<\/p>\n","protected":false},"author":1,"featured_media":73297,"comment_status":"open","ping_status":"open","sticky":false,"template":"","format":"standard","meta":{"footnotes":""},"categories":[14122],"tags":[2,19532,11980,1950,20,1229,22462],"class_list":["post-73296","post","type-post","status-publish","format-standard","has-post-thumbnail","hentry","category-politica","tag-blog-do-edvaldo-magalhaes","tag-blog-mais-acessado-e-visualizado-de-caruaru-e-regiao","tag-daniel-coelho","tag-noticias-de-caruaru","tag-politica","tag-raquel-lyra","tag-se-raquel-for-candidata-o-cidadania-esta-com-ela-diz-daniel-coelho-em-caruaru"],"_links":{"self":[{"href":"https:\/\/blogdoedvaldomagalhaes.com.br\/index.php\/wp-json\/wp\/v2\/posts\/73296","targetHints":{"allow":["GET"]}}],"collection":[{"href":"https:\/\/blogdoedvaldomagalhaes.com.br\/index.php\/wp-json\/wp\/v2\/posts"}],"about":[{"href":"https:\/\/blogdoedvaldomagalhaes.com.br\/index.php\/wp-json\/wp\/v2\/types\/post"}],"author":[{"embeddable":true,"href":"https:\/\/blogdoedvaldomagalhaes.com.br\/index.php\/wp-json\/wp\/v2\/users\/1"}],"replies":[{"embeddable":true,"href":"https:\/\/blogdoedvaldomagalhaes.com.br\/index.php\/wp-json\/wp\/v2\/comments?post=73296"}],"version-history":[{"count":2,"href":"https:\/\/blogdoedvaldomagalhaes.com.br\/index.php\/wp-json\/wp\/v2\/posts\/73296\/revisions"}],"predecessor-version":[{"id":73303,"href":"https:\/\/blogdoedvaldomagalhaes.com.br\/index.php\/wp-json\/wp\/v2\/posts\/73296\/revisions\/73303"}],"wp:featuredmedia":[{"embeddable":true,"href":"https:\/\/blogdoedvaldomagalhaes.com.br\/index.php\/wp-json\/wp\/v2\/media\/73297"}],"wp:attachment":[{"href":"https:\/\/blogdoedvaldomagalhaes.com.br\/index.php\/wp-json\/wp\/v2\/media?parent=73296"}],"wp:term":[{"taxonomy":"category","embeddable":true,"href":"https:\/\/blogdoedvaldomagalhaes.com.br\/index.php\/wp-json\/wp\/v2\/categories?post=73296"},{"taxonomy":"post_tag","embeddable":true,"href":"https:\/\/blogdoedvaldomagalhaes.com.br\/index.php\/wp-json\/wp\/v2\/tags?post=73296"}],"curies":[{"name":"wp","href":"https:\/\/api.w.org\/{rel}","templated":true}]}}