{"id":73293,"date":"2021-08-14T18:37:09","date_gmt":"2021-08-14T21:37:09","guid":{"rendered":"https:\/\/blogdoedvaldomagalhaes.com.br\/?p=73293"},"modified":"2021-08-14T18:37:11","modified_gmt":"2021-08-14T21:37:11","slug":"samu-agreste-recebe-duas-novas-motolancias","status":"publish","type":"post","link":"https:\/\/blogdoedvaldomagalhaes.com.br\/index.php\/2021\/08\/14\/samu-agreste-recebe-duas-novas-motolancias\/","title":{"rendered":"Samu Agreste recebe duas novas motol\u00e2ncias"},"content":{"rendered":"<p style=\"text-align: justify;\">O Samu Agreste, que tem sede em Caruaru, recebeu duas novas motol\u00e2ncias para refor\u00e7ar o atendimento \u00e0 popula\u00e7\u00e3o da regi\u00e3o. A frota j\u00e1 conta com quatro ambul\u00e2ncias b\u00e1sicas e uma de suporte avan\u00e7ado. Atualmente, o Samu faz a regula\u00e7\u00e3o de 52 munic\u00edpios.<\/p>\n<p style=\"text-align: justify;\">As motocicletas s\u00e3o dirigidas por t\u00e9cnicos de enfermagem, com forma\u00e7\u00e3o de condutores de ve\u00edculos de emerg\u00eancia e curso de pilotagem defensiva e s\u00e3o habilitados para a fun\u00e7\u00e3o. Eles t\u00eam \u00e0 disposi\u00e7\u00e3o materiais de atendimento pr\u00e9-hospitalar e de m\u00e9dico-hospitalar, como seringas, medica\u00e7\u00f5es, cilindro de oxig\u00eanio, desfibrilador autom\u00e1tico e os demais para imobiliza\u00e7\u00e3o e primeiros socorros. A equipe trabalha em dupla, agilizando o atendimento, que \u00e9 realizado, em m\u00e9dia, em cinco minutos.<\/p>\n<p style=\"text-align: justify;\">De acordo com coordenador do Samu Agreste, Pedro Henrique, o servi\u00e7o ganha ainda mais agilidade com as motol\u00e2ncias, pois elas dar\u00e3o mais qualidade ao atendimento, por favorecerem uma resposta r\u00e1pida aos chamados da popula\u00e7\u00e3o. Ainda segundo ele, o tempo m\u00e9dio nacional para atendimento de uma ocorr\u00eancia \u00e9 de 15 minutos e Caruaru j\u00e1 realiza em tempo m\u00e9dio mais baixo, de 11 minutos. Com as motol\u00e2ncias, esse tempo pode cair para 4 minutos.<\/p>\n","protected":false},"excerpt":{"rendered":"<p>O Samu Agreste, que tem sede em Caruaru, recebeu duas novas motol\u00e2ncias para refor\u00e7ar o atendimento \u00e0 popula\u00e7\u00e3o da regi\u00e3o.&hellip;<\/p>\n","protected":false},"author":1,"featured_media":73294,"comment_status":"open","ping_status":"open","sticky":false,"template":"","format":"standard","meta":{"footnotes":""},"categories":[14120],"tags":[2,19532,1950,22461],"class_list":["post-73293","post","type-post","status-publish","format-standard","has-post-thumbnail","hentry","category-noticias","tag-blog-do-edvaldo-magalhaes","tag-blog-mais-acessado-e-visualizado-de-caruaru-e-regiao","tag-noticias-de-caruaru","tag-samu-agreste-recebe-duas-novas-motolancias"],"_links":{"self":[{"href":"https:\/\/blogdoedvaldomagalhaes.com.br\/index.php\/wp-json\/wp\/v2\/posts\/73293","targetHints":{"allow":["GET"]}}],"collection":[{"href":"https:\/\/blogdoedvaldomagalhaes.com.br\/index.php\/wp-json\/wp\/v2\/posts"}],"about":[{"href":"https:\/\/blogdoedvaldomagalhaes.com.br\/index.php\/wp-json\/wp\/v2\/types\/post"}],"author":[{"embeddable":true,"href":"https:\/\/blogdoedvaldomagalhaes.com.br\/index.php\/wp-json\/wp\/v2\/users\/1"}],"replies":[{"embeddable":true,"href":"https:\/\/blogdoedvaldomagalhaes.com.br\/index.php\/wp-json\/wp\/v2\/comments?post=73293"}],"version-history":[{"count":1,"href":"https:\/\/blogdoedvaldomagalhaes.com.br\/index.php\/wp-json\/wp\/v2\/posts\/73293\/revisions"}],"predecessor-version":[{"id":73295,"href":"https:\/\/blogdoedvaldomagalhaes.com.br\/index.php\/wp-json\/wp\/v2\/posts\/73293\/revisions\/73295"}],"wp:featuredmedia":[{"embeddable":true,"href":"https:\/\/blogdoedvaldomagalhaes.com.br\/index.php\/wp-json\/wp\/v2\/media\/73294"}],"wp:attachment":[{"href":"https:\/\/blogdoedvaldomagalhaes.com.br\/index.php\/wp-json\/wp\/v2\/media?parent=73293"}],"wp:term":[{"taxonomy":"category","embeddable":true,"href":"https:\/\/blogdoedvaldomagalhaes.com.br\/index.php\/wp-json\/wp\/v2\/categories?post=73293"},{"taxonomy":"post_tag","embeddable":true,"href":"https:\/\/blogdoedvaldomagalhaes.com.br\/index.php\/wp-json\/wp\/v2\/tags?post=73293"}],"curies":[{"name":"wp","href":"https:\/\/api.w.org\/{rel}","templated":true}]}}