{"id":73288,"date":"2021-08-14T18:08:04","date_gmt":"2021-08-14T21:08:04","guid":{"rendered":"https:\/\/blogdoedvaldomagalhaes.com.br\/?p=73288"},"modified":"2021-08-14T18:08:05","modified_gmt":"2021-08-14T21:08:05","slug":"caruaru-city-empata-jogo-treino-no-estadio-vera-cruz-neste-sabado-14","status":"publish","type":"post","link":"https:\/\/blogdoedvaldomagalhaes.com.br\/index.php\/2021\/08\/14\/caruaru-city-empata-jogo-treino-no-estadio-vera-cruz-neste-sabado-14\/","title":{"rendered":"Caruaru City empata jogo-treino no Est\u00e1dio Vera Cruz neste s\u00e1bado (14)"},"content":{"rendered":"<p style=\"text-align: justify;\"><span style=\"font-size: inherit;\">O quinto jogo-treino do Caruaru City na prepara\u00e7\u00e3o para a S\u00e9rie A2 do Campeonato Pernambucano terminou empatado. Na tarde deste s\u00e1bado (14), a equipe caruaruense ficou no placar de 1&#215;1 com o Zumbi-AL, clube profissional que vai disputar a divis\u00e3o de acesso do Campeonato Alagoano. O gol do Caruaru City foi marcado pelo volante Geyson Venceslau.<\/span><\/p>\n<p style=\"text-align: justify;\">O jogo foi realizado no Est\u00e1dio Ant\u00f4nio In\u00e1cio de Souza, o Vera Cruz, sem a presen\u00e7a de p\u00fablico. A equipe que entrou em campo como titular foi a seguinte: goleiro Juca; linha de defesa com L\u00e9o Cotia, Edvaine Moura, Heverton Lu\u00eds e Matheus Serra; No meio, Geyson Venceslau, Henrique Silva e Candinho. No ataque, Grafite, Matheus Manteiga e Wagner Costa. O Caruaru City foi comandado pelo preparador f\u00edsico Renato Cavalcanti, em raz\u00e3o do treinador Thyago Marcolino e do auxiliar t\u00e9cnico Arlindo Neto estarem participando de curso da CBF para treinadores. Ambos retornam na segunda-feira (16).<\/p>\n<p style=\"text-align: justify;\">A reapresenta\u00e7\u00e3o do elenco ser\u00e1 na segunda-feira (16), \u00e0s 14h, no CT Ninho do Gavi\u00e3o, para a sequ\u00eancia da pr\u00e9-temporada. O volante Josa tamb\u00e9m se reapresenta junto com o elenco. Ele que n\u00e3o participou do jogo-treino para resolver quest\u00f5es pessoais. No grupo B do Campeonato Pernambucano da S\u00e9rie A2, O Caruaru City estreia no dia 5 de setembro, contra o Pesqueira, no Est\u00e1dio Ant\u00f4nio In\u00e1cio de Souza, em Caruaru.<\/p>\n<p style=\"text-align: justify;\">Foto: Ascom Caruaru City<\/p>\n","protected":false},"excerpt":{"rendered":"<p>O quinto jogo-treino do Caruaru City na prepara\u00e7\u00e3o para a S\u00e9rie A2 do Campeonato Pernambucano terminou empatado. Na tarde deste&hellip;<\/p>\n","protected":false},"author":1,"featured_media":73289,"comment_status":"open","ping_status":"open","sticky":false,"template":"","format":"standard","meta":{"footnotes":""},"categories":[14123],"tags":[2,19532,22460,1950],"class_list":["post-73288","post","type-post","status-publish","format-standard","has-post-thumbnail","hentry","category-futebol","tag-blog-do-edvaldo-magalhaes","tag-blog-mais-acessado-e-visualizado-de-caruaru-e-regiao","tag-caruaru-city-empata-jogo-treino-no-estadio-vera-cruz-neste-sabado-14","tag-noticias-de-caruaru"],"_links":{"self":[{"href":"https:\/\/blogdoedvaldomagalhaes.com.br\/index.php\/wp-json\/wp\/v2\/posts\/73288","targetHints":{"allow":["GET"]}}],"collection":[{"href":"https:\/\/blogdoedvaldomagalhaes.com.br\/index.php\/wp-json\/wp\/v2\/posts"}],"about":[{"href":"https:\/\/blogdoedvaldomagalhaes.com.br\/index.php\/wp-json\/wp\/v2\/types\/post"}],"author":[{"embeddable":true,"href":"https:\/\/blogdoedvaldomagalhaes.com.br\/index.php\/wp-json\/wp\/v2\/users\/1"}],"replies":[{"embeddable":true,"href":"https:\/\/blogdoedvaldomagalhaes.com.br\/index.php\/wp-json\/wp\/v2\/comments?post=73288"}],"version-history":[{"count":1,"href":"https:\/\/blogdoedvaldomagalhaes.com.br\/index.php\/wp-json\/wp\/v2\/posts\/73288\/revisions"}],"predecessor-version":[{"id":73290,"href":"https:\/\/blogdoedvaldomagalhaes.com.br\/index.php\/wp-json\/wp\/v2\/posts\/73288\/revisions\/73290"}],"wp:featuredmedia":[{"embeddable":true,"href":"https:\/\/blogdoedvaldomagalhaes.com.br\/index.php\/wp-json\/wp\/v2\/media\/73289"}],"wp:attachment":[{"href":"https:\/\/blogdoedvaldomagalhaes.com.br\/index.php\/wp-json\/wp\/v2\/media?parent=73288"}],"wp:term":[{"taxonomy":"category","embeddable":true,"href":"https:\/\/blogdoedvaldomagalhaes.com.br\/index.php\/wp-json\/wp\/v2\/categories?post=73288"},{"taxonomy":"post_tag","embeddable":true,"href":"https:\/\/blogdoedvaldomagalhaes.com.br\/index.php\/wp-json\/wp\/v2\/tags?post=73288"}],"curies":[{"name":"wp","href":"https:\/\/api.w.org\/{rel}","templated":true}]}}