{"id":73285,"date":"2021-08-14T17:51:50","date_gmt":"2021-08-14T20:51:50","guid":{"rendered":"https:\/\/blogdoedvaldomagalhaes.com.br\/?p=73285"},"modified":"2021-08-14T18:24:01","modified_gmt":"2021-08-14T21:24:01","slug":"pessoas-a-partir-dos-23-anos-serao-vacinadas-contra-covid-19-em-belo-jardim","status":"publish","type":"post","link":"https:\/\/blogdoedvaldomagalhaes.com.br\/index.php\/2021\/08\/14\/pessoas-a-partir-dos-23-anos-serao-vacinadas-contra-covid-19-em-belo-jardim\/","title":{"rendered":"Pessoas a partir dos 23 anos ser\u00e3o vacinadas contra Covid-19 em Belo Jardim"},"content":{"rendered":"<p style=\"text-align: justify;\"><span style=\"font-size: inherit;\">A partir de segunda-feira (16), a Secretaria de Sa\u00fade de Belo Jardim, ir\u00e1 ampliar a faixa et\u00e1ria do p\u00fablico geral para receber a primeira dose da vacina contra Covid-19.<\/span><\/p>\n<p style=\"text-align: justify;\">As pessoas a partir dos 23 anos poder\u00e3o buscar o Centro de Vacina\u00e7\u00e3o Covid para receber o imunizante.<\/p>\n<p style=\"text-align: justify;\">Para se vacinar \u00e9 preciso levar RG, CPF, Cart\u00e3o SUS e comprovante de resid\u00eancia at\u00e9 o Centro de Vacina\u00e7\u00e3o, que funciona na rua Tito de Barros Correia, na quadra do Col\u00e9gio Donino.<\/p>\n<p style=\"text-align: justify;\">O hor\u00e1rio de funcionamento \u00e9 de segunda a sexta, das 8h \u00e0s 12h e das 13h \u00e0s 16h, e aos s\u00e1bados, das 8h \u00e0s 13h.<\/p>\n<p style=\"text-align: justify;\">Os demais grupos priorit\u00e1rios, que por ventura ainda n\u00e3o foram vacinados, tamb\u00e9m podem buscar a imuniza\u00e7\u00e3o.<\/p>\n<p style=\"text-align: justify;\">As faixas et\u00e1rias ser\u00e3o ampliadas, assim que o munic\u00edpio receber novas doses da vacina via Minist\u00e9rio da Sa\u00fade e Secretaria Estadual de Sa\u00fade.<\/p>\n<p style=\"text-align: justify;\"><span style=\"font-size: inherit;\">A Secretaria de Sa\u00fade de Belo Jardim informa que, neste s\u00e1bado (14), foram registrados tr\u00eas novos casos da Covid-19 no munic\u00edpio, totalizando 4.106 casos confirmados. Destes 3.961 foram recuperados e 17 est\u00e3o em recupera\u00e7\u00e3o domiciliar.<\/span><\/p>\n<p style=\"text-align: justify;\">Atualmente, Belo Jardim totaliza 128 \u00f3bitos confirmados.<\/p>\n<p style=\"text-align: justify;\">A Ala de internamento Covid est\u00e1 com cinco leitos ocupados. Um paciente est\u00e1 internado fora do domic\u00edlio e tamb\u00e9m existe um em UTI.<\/p>\n<p style=\"text-align: justify;\">At\u00e9 o momento, 59.897 doses foram aplicadas pelo munic\u00edpio.<br \/>\nA lista com os nomes dos beneficiados est\u00e1 no Portal da Transpar\u00eancia da Prefeitura de Belo Jardim e est\u00e1 sendo atualizada.<\/p>\n<p style=\"text-align: justify;\">A Secretaria de Sa\u00fade est\u00e1 com uma equipe de digitadores para manter o portal totalmente atualizado o mais breve poss\u00edvel.<\/p>\n","protected":false},"excerpt":{"rendered":"<p>A partir de segunda-feira (16), a Secretaria de Sa\u00fade de Belo Jardim, ir\u00e1 ampliar a faixa et\u00e1ria do p\u00fablico geral&hellip;<\/p>\n","protected":false},"author":1,"featured_media":73286,"comment_status":"open","ping_status":"open","sticky":false,"template":"","format":"standard","meta":{"footnotes":""},"categories":[14120],"tags":[2,19532,1950,19670,22459],"class_list":["post-73285","post","type-post","status-publish","format-standard","has-post-thumbnail","hentry","category-noticias","tag-blog-do-edvaldo-magalhaes","tag-blog-mais-acessado-e-visualizado-de-caruaru-e-regiao","tag-noticias-de-caruaru","tag-novo-coronavirus","tag-pessoas-a-partir-dos-23-anos-serao-vacinadas-contra-covid-19-em-belo-jardim"],"_links":{"self":[{"href":"https:\/\/blogdoedvaldomagalhaes.com.br\/index.php\/wp-json\/wp\/v2\/posts\/73285","targetHints":{"allow":["GET"]}}],"collection":[{"href":"https:\/\/blogdoedvaldomagalhaes.com.br\/index.php\/wp-json\/wp\/v2\/posts"}],"about":[{"href":"https:\/\/blogdoedvaldomagalhaes.com.br\/index.php\/wp-json\/wp\/v2\/types\/post"}],"author":[{"embeddable":true,"href":"https:\/\/blogdoedvaldomagalhaes.com.br\/index.php\/wp-json\/wp\/v2\/users\/1"}],"replies":[{"embeddable":true,"href":"https:\/\/blogdoedvaldomagalhaes.com.br\/index.php\/wp-json\/wp\/v2\/comments?post=73285"}],"version-history":[{"count":2,"href":"https:\/\/blogdoedvaldomagalhaes.com.br\/index.php\/wp-json\/wp\/v2\/posts\/73285\/revisions"}],"predecessor-version":[{"id":73291,"href":"https:\/\/blogdoedvaldomagalhaes.com.br\/index.php\/wp-json\/wp\/v2\/posts\/73285\/revisions\/73291"}],"wp:featuredmedia":[{"embeddable":true,"href":"https:\/\/blogdoedvaldomagalhaes.com.br\/index.php\/wp-json\/wp\/v2\/media\/73286"}],"wp:attachment":[{"href":"https:\/\/blogdoedvaldomagalhaes.com.br\/index.php\/wp-json\/wp\/v2\/media?parent=73285"}],"wp:term":[{"taxonomy":"category","embeddable":true,"href":"https:\/\/blogdoedvaldomagalhaes.com.br\/index.php\/wp-json\/wp\/v2\/categories?post=73285"},{"taxonomy":"post_tag","embeddable":true,"href":"https:\/\/blogdoedvaldomagalhaes.com.br\/index.php\/wp-json\/wp\/v2\/tags?post=73285"}],"curies":[{"name":"wp","href":"https:\/\/api.w.org\/{rel}","templated":true}]}}