{"id":7321,"date":"2016-12-19T21:11:00","date_gmt":"2016-12-19T23:11:00","guid":{"rendered":"http:\/\/blogdoedvaldomagalhaes.com.br\/index.php\/2016\/12\/19\/travesti-sofre-tentativa-de-homicidio-2\/"},"modified":"2019-02-09T01:10:57","modified_gmt":"2019-02-09T03:10:57","slug":"travesti-sofre-tentativa-de-homicidio-2","status":"publish","type":"post","link":"https:\/\/blogdoedvaldomagalhaes.com.br\/index.php\/2016\/12\/19\/travesti-sofre-tentativa-de-homicidio-2\/","title":{"rendered":"Travesti sofre tentativa de homic\u00eddio em Caruaru"},"content":{"rendered":"<div class=\"separator\" style=\"clear: both; text-align: center;\">\n<a href=\"https:\/\/3.bp.blogspot.com\/-5ik61BCCPpA\/WFhMBw5D1pI\/AAAAAAAAL-k\/SHINis2sLP4DSMYwByDiLrR7gSBWVY5lACLcB\/s1600\/hra.JPG\" imageanchor=\"1\" style=\"margin-left: 1em; margin-right: 1em;\"><img loading=\"lazy\" decoding=\"async\" border=\"0\" height=\"266\" src=\"http:\/\/blogdoedvaldomagalhaes.com.br\/wp-content\/uploads\/2016\/12\/hra.jpg\" width=\"400\" \/><\/a><\/div>\n<div class=\"separator\" style=\"clear: both; text-align: center;\">\nFoto: Adielson Galv\u00e3o<\/div>\n<div style=\"background-color: white; color: #222222; font-family: Arial, Tahoma, Helvetica, FreeSans, sans-serif; font-size: 13.2px; text-align: justify;\">\n<\/div>\n<div style=\"background-color: white; text-align: justify;\">\nNa madrugada desta segunda-feira (19) foi esfaqueado na Rua Minas Gerais, pr\u00f3ximo \u00e0 Pra\u00e7a do Ros\u00e1rio no centro de Caruaru, o travesti&nbsp;<b>Claudemir Ferreira<\/b>, que j\u00e1 foi preso por roubo.&nbsp;A v\u00edtima foi lesionada por cinco golpes de faca-peixeira, sendo quatro no t\u00f3rax e uma no bra\u00e7o esquerdo. A mesma foi socorrida pelo SAMU ao HRA, onde segundo informa\u00e7\u00f5es m\u00e9dicas o estado de sa\u00fade \u00e9 grave. A v\u00edtima informou que, um indiv\u00edduo de casaco preto em uma motocicleta Biz de cor preta, placa n\u00e3o anotada, chegou e desferiu os golpes. At\u00e9 o presente momento n\u00e3o se tem informa\u00e7\u00f5es sobre motiva\u00e7\u00e3o, nem tampouco autoria do fato.&nbsp;A v\u00edtima permanece internada no Hospital Regional do Agreste<\/div>\n","protected":false},"excerpt":{"rendered":"<p>Foto: Adielson Galv\u00e3o Na madrugada desta segunda-feira (19) foi esfaqueado na Rua Minas Gerais, pr\u00f3ximo \u00e0 Pra\u00e7a do Ros\u00e1rio no&hellip;<\/p>\n","protected":false},"author":1,"featured_media":0,"comment_status":"open","ping_status":"open","sticky":false,"template":"","format":"standard","meta":{"footnotes":""},"categories":[1],"tags":[2,10252,2083,13,4914,10253,334,10254],"class_list":["post-7321","post","type-post","status-publish","format-standard","hentry","category-sem-categoria","tag-blog-do-edvaldo-magalhaes","tag-honda-biz","tag-hra","tag-policial","tag-praca-do-rosario","tag-rua-minas-gerais","tag-samu","tag-travesti-sofre-tentativa-de-homicidio-em-caruaru"],"_links":{"self":[{"href":"https:\/\/blogdoedvaldomagalhaes.com.br\/index.php\/wp-json\/wp\/v2\/posts\/7321","targetHints":{"allow":["GET"]}}],"collection":[{"href":"https:\/\/blogdoedvaldomagalhaes.com.br\/index.php\/wp-json\/wp\/v2\/posts"}],"about":[{"href":"https:\/\/blogdoedvaldomagalhaes.com.br\/index.php\/wp-json\/wp\/v2\/types\/post"}],"author":[{"embeddable":true,"href":"https:\/\/blogdoedvaldomagalhaes.com.br\/index.php\/wp-json\/wp\/v2\/users\/1"}],"replies":[{"embeddable":true,"href":"https:\/\/blogdoedvaldomagalhaes.com.br\/index.php\/wp-json\/wp\/v2\/comments?post=7321"}],"version-history":[{"count":1,"href":"https:\/\/blogdoedvaldomagalhaes.com.br\/index.php\/wp-json\/wp\/v2\/posts\/7321\/revisions"}],"predecessor-version":[{"id":15255,"href":"https:\/\/blogdoedvaldomagalhaes.com.br\/index.php\/wp-json\/wp\/v2\/posts\/7321\/revisions\/15255"}],"wp:attachment":[{"href":"https:\/\/blogdoedvaldomagalhaes.com.br\/index.php\/wp-json\/wp\/v2\/media?parent=7321"}],"wp:term":[{"taxonomy":"category","embeddable":true,"href":"https:\/\/blogdoedvaldomagalhaes.com.br\/index.php\/wp-json\/wp\/v2\/categories?post=7321"},{"taxonomy":"post_tag","embeddable":true,"href":"https:\/\/blogdoedvaldomagalhaes.com.br\/index.php\/wp-json\/wp\/v2\/tags?post=7321"}],"curies":[{"name":"wp","href":"https:\/\/api.w.org\/{rel}","templated":true}]}}