{"id":7320,"date":"2016-12-19T21:40:00","date_gmt":"2016-12-19T23:40:00","guid":{"rendered":"http:\/\/blogdoedvaldomagalhaes.com.br\/index.php\/2016\/12\/19\/tiago-cardoso-e-o-novo-goleiro-do\/"},"modified":"2019-02-09T01:10:57","modified_gmt":"2019-02-09T03:10:57","slug":"tiago-cardoso-e-o-novo-goleiro-do","status":"publish","type":"post","link":"https:\/\/blogdoedvaldomagalhaes.com.br\/index.php\/2016\/12\/19\/tiago-cardoso-e-o-novo-goleiro-do\/","title":{"rendered":"Tiago Cardoso \u00e9 o novo goleiro do N\u00e1utico"},"content":{"rendered":"<div class=\"separator\" style=\"clear: both; text-align: center;\">\n<a href=\"https:\/\/2.bp.blogspot.com\/-nURsQCQnmgM\/WFhTP2k4yBI\/AAAAAAAAL-8\/7VUhWbuPV6MRr0RknomsPiq9DW5Hv8OfgCLcB\/s1600\/thiago.jpg\" imageanchor=\"1\" style=\"margin-left: 1em; margin-right: 1em;\"><img loading=\"lazy\" decoding=\"async\" border=\"0\" height=\"296\" src=\"http:\/\/blogdoedvaldomagalhaes.com.br\/wp-content\/uploads\/2016\/12\/thiago.jpg\" width=\"400\" \/><\/a><\/div>\n<div class=\"separator\" style=\"clear: both; text-align: center;\">\nFoto\/Reprodu\u00e7\u00e3o<\/div>\n<p>\nO N\u00e1utico encerrou a \u201cnovela\u201d e confirmou a contrata\u00e7\u00e3o do goleiro Tiago Cardoso, ex-Santa Cruz. Ap\u00f3s fazer hist\u00f3ria com a camisa coral, acumulando tr\u00eas acessos, cinco t\u00edtulos estaduais e uma Copa do Nordeste, o camisa 1 defender\u00e1 o Timbu na temporada 2017.&nbsp;<br style=\"margin: 0px; padding: 0px; text-align: justify;\" \/><br style=\"margin: 0px; padding: 0px; text-align: justify;\" \/>Tiago Cardoso assinou por um ano com o N\u00e1utico e chega para substituir o goleiro J\u00falio C\u00e9sar, que estava desde 2014 defendendo a meta alvirrubra. O ex-arqueiro do Timbu, inclusive, pode fazer o caminho inverso e ocupar a lacuna deixada por Tiago no Santa. O clube coral est\u00e1 buscando no mercado um camisa 1 e pode trazer justamente J\u00falio.<\/p>\n","protected":false},"excerpt":{"rendered":"<p>Foto\/Reprodu\u00e7\u00e3o O N\u00e1utico encerrou a \u201cnovela\u201d e confirmou a contrata\u00e7\u00e3o do goleiro Tiago Cardoso, ex-Santa Cruz. Ap\u00f3s fazer hist\u00f3ria com&hellip;<\/p>\n","protected":false},"author":1,"featured_media":0,"comment_status":"open","ping_status":"open","sticky":false,"template":"","format":"standard","meta":{"footnotes":""},"categories":[1],"tags":[2,3,525,10251],"class_list":["post-7320","post","type-post","status-publish","format-standard","hentry","category-sem-categoria","tag-blog-do-edvaldo-magalhaes","tag-futebol","tag-santa-cruz","tag-tiago-cardoso-e-o-novo-goleiro-do-nautico"],"_links":{"self":[{"href":"https:\/\/blogdoedvaldomagalhaes.com.br\/index.php\/wp-json\/wp\/v2\/posts\/7320","targetHints":{"allow":["GET"]}}],"collection":[{"href":"https:\/\/blogdoedvaldomagalhaes.com.br\/index.php\/wp-json\/wp\/v2\/posts"}],"about":[{"href":"https:\/\/blogdoedvaldomagalhaes.com.br\/index.php\/wp-json\/wp\/v2\/types\/post"}],"author":[{"embeddable":true,"href":"https:\/\/blogdoedvaldomagalhaes.com.br\/index.php\/wp-json\/wp\/v2\/users\/1"}],"replies":[{"embeddable":true,"href":"https:\/\/blogdoedvaldomagalhaes.com.br\/index.php\/wp-json\/wp\/v2\/comments?post=7320"}],"version-history":[{"count":1,"href":"https:\/\/blogdoedvaldomagalhaes.com.br\/index.php\/wp-json\/wp\/v2\/posts\/7320\/revisions"}],"predecessor-version":[{"id":15257,"href":"https:\/\/blogdoedvaldomagalhaes.com.br\/index.php\/wp-json\/wp\/v2\/posts\/7320\/revisions\/15257"}],"wp:attachment":[{"href":"https:\/\/blogdoedvaldomagalhaes.com.br\/index.php\/wp-json\/wp\/v2\/media?parent=7320"}],"wp:term":[{"taxonomy":"category","embeddable":true,"href":"https:\/\/blogdoedvaldomagalhaes.com.br\/index.php\/wp-json\/wp\/v2\/categories?post=7320"},{"taxonomy":"post_tag","embeddable":true,"href":"https:\/\/blogdoedvaldomagalhaes.com.br\/index.php\/wp-json\/wp\/v2\/tags?post=7320"}],"curies":[{"name":"wp","href":"https:\/\/api.w.org\/{rel}","templated":true}]}}