{"id":7312,"date":"2016-12-20T13:34:00","date_gmt":"2016-12-20T15:34:00","guid":{"rendered":"http:\/\/blogdoedvaldomagalhaes.com.br\/index.php\/2016\/12\/20\/janeiro-de-grandes-espetaculos\/"},"modified":"2019-02-09T01:11:02","modified_gmt":"2019-02-09T03:11:02","slug":"janeiro-de-grandes-espetaculos","status":"publish","type":"post","link":"https:\/\/blogdoedvaldomagalhaes.com.br\/index.php\/2016\/12\/20\/janeiro-de-grandes-espetaculos\/","title":{"rendered":"Janeiro de Grandes Espet\u00e1culos homenageia Seb\u00e1 Alves"},"content":{"rendered":"<div class=\"separator\" style=\"clear: both; text-align: center;\">\n<a href=\"https:\/\/3.bp.blogspot.com\/-T1Uc7ezX-XI\/WFkyuZq6KBI\/AAAAAAAAMBI\/6zQ3zUVMwCwNMTUJ-1IXoc3U5GZT7ncvQCLcB\/s1600\/seba.jpg\" imageanchor=\"1\" style=\"margin-left: 1em; margin-right: 1em;\"><img loading=\"lazy\" decoding=\"async\" border=\"0\" height=\"300\" src=\"http:\/\/blogdoedvaldomagalhaes.com.br\/wp-content\/uploads\/2016\/12\/seba.jpg\" width=\"400\" \/><\/a><\/div>\n<div class=\"separator\" style=\"clear: both; text-align: center;\">\nFoto: Viviane Santos<\/div>\n<div style=\"text-align: justify;\">\n<\/div>\n<div style=\"text-align: justify;\">\nO 23\u00ba Janeiro de Grandes Espet\u00e1culos &#8211; Festival Internacional de Artes C\u00eanicas de Pernambuco, vai homenagear Sebasti\u00e3o Alves, o nosso querido&nbsp;<a class=\"profileLink\" data-hovercard-prefer-more-content-show=\"1\" data-hovercard=\"\/ajax\/hovercard\/user.php?id=100002795940864\" href=\"https:\/\/www.facebook.com\/sebalaves\" style=\"background-color: white; cursor: pointer; text-decoration: none;\">Seb\u00e1 Alves<\/a>. Ator, produtor, radialista e mamulengueiro. Natural de Sert\u00e2nia, no sert\u00e3o pernambucano, ele j\u00e1 ganhou o t\u00edtulo de cidad\u00e3o caruaruense e est\u00e1 \u00e0 frente do Grupo Feira de Teatro Popular, da Cia. Pernas Pra Circul\u00e1 e do Teatro Oficina Mamuseb\u00e1. Seb\u00e1 vai abrir a programa\u00e7\u00e3o em Recife no dia 12 de janeiro de 2017,\u00e0s 20h, no Teatro de Santa Isabel, como protagonista da pe\u00e7a &#8220;Olha Pro C\u00e9u, Meu Amor&#8221;, espet\u00e1culo que faz desde 1983, o evento&nbsp;acontecer\u00e1 at\u00e9 29 de janeiro, em Recife e Caruaru.<\/p>\n<div style=\"list-style: none;\">\n&nbsp;<\/div>\n<div style=\"list-style: none;\">\nAl\u00e9m da maestria do trabalho com mamulengos, a escolha se deu por causa de dois epis\u00f3dios que marcaram o Janeiro de Grandes Espet\u00e1culos, onde Mestre Seb\u00e1 foi convidado para participar por duas vezes. A primeira delas, em 2006, com a pe\u00e7a &#8220;Olha Pro C\u00e9u, Meu Amor&#8221;, quando subiu ao palco durante um tratamento contra o c\u00e2ncer. Ap\u00f3s o epis\u00f3dio, que contrariou o que todos temiam, Seb\u00e1 foi premiado pela interpreta\u00e7\u00e3o e montagem.&nbsp;<\/div>\n<div style=\"list-style: none;\">\n&nbsp;<\/div>\n<p><\/p>\n<div style=\"list-style: none;\">\nJ\u00e1 em 2013, antes da sess\u00e3o de &#8220;Auto das 7 Luas de Barro&#8221;, no Teatro Barreto J\u00fanior, Seb\u00e1 passou mal e teve que ir ao hospital \u00e0s pressas. Apesar disso, conseguiu subir ao palco, onde foi fortemente aplaudido.<\/div>\n<\/div>\n","protected":false},"excerpt":{"rendered":"<p>Foto: Viviane Santos O 23\u00ba Janeiro de Grandes Espet\u00e1culos &#8211; Festival Internacional de Artes C\u00eanicas de Pernambuco, vai homenagear Sebasti\u00e3o&hellip;<\/p>\n","protected":false},"author":1,"featured_media":0,"comment_status":"open","ping_status":"open","sticky":false,"template":"","format":"standard","meta":{"footnotes":""},"categories":[1],"tags":[2,10234,10235,10236,6,8778,10237],"class_list":["post-7312","post","type-post","status-publish","format-standard","hentry","category-sem-categoria","tag-blog-do-edvaldo-magalhaes","tag-cia-pernas-pra-circula","tag-grupo-feira-de-teatro-popular","tag-janeiro-de-grandes-espetaculos-homenageia-seba-alves","tag-noticias","tag-sertania","tag-teatro-de-santa-isabel"],"_links":{"self":[{"href":"https:\/\/blogdoedvaldomagalhaes.com.br\/index.php\/wp-json\/wp\/v2\/posts\/7312","targetHints":{"allow":["GET"]}}],"collection":[{"href":"https:\/\/blogdoedvaldomagalhaes.com.br\/index.php\/wp-json\/wp\/v2\/posts"}],"about":[{"href":"https:\/\/blogdoedvaldomagalhaes.com.br\/index.php\/wp-json\/wp\/v2\/types\/post"}],"author":[{"embeddable":true,"href":"https:\/\/blogdoedvaldomagalhaes.com.br\/index.php\/wp-json\/wp\/v2\/users\/1"}],"replies":[{"embeddable":true,"href":"https:\/\/blogdoedvaldomagalhaes.com.br\/index.php\/wp-json\/wp\/v2\/comments?post=7312"}],"version-history":[{"count":1,"href":"https:\/\/blogdoedvaldomagalhaes.com.br\/index.php\/wp-json\/wp\/v2\/posts\/7312\/revisions"}],"predecessor-version":[{"id":15279,"href":"https:\/\/blogdoedvaldomagalhaes.com.br\/index.php\/wp-json\/wp\/v2\/posts\/7312\/revisions\/15279"}],"wp:attachment":[{"href":"https:\/\/blogdoedvaldomagalhaes.com.br\/index.php\/wp-json\/wp\/v2\/media?parent=7312"}],"wp:term":[{"taxonomy":"category","embeddable":true,"href":"https:\/\/blogdoedvaldomagalhaes.com.br\/index.php\/wp-json\/wp\/v2\/categories?post=7312"},{"taxonomy":"post_tag","embeddable":true,"href":"https:\/\/blogdoedvaldomagalhaes.com.br\/index.php\/wp-json\/wp\/v2\/tags?post=7312"}],"curies":[{"name":"wp","href":"https:\/\/api.w.org\/{rel}","templated":true}]}}