{"id":73057,"date":"2021-08-09T14:50:29","date_gmt":"2021-08-09T17:50:29","guid":{"rendered":"https:\/\/blogdoedvaldomagalhaes.com.br\/?p=73057"},"modified":"2021-08-09T14:50:30","modified_gmt":"2021-08-09T17:50:30","slug":"hra-realiza-capacitacao-sobre-doacao-de-orgaos-e-tecidos","status":"publish","type":"post","link":"https:\/\/blogdoedvaldomagalhaes.com.br\/index.php\/2021\/08\/09\/hra-realiza-capacitacao-sobre-doacao-de-orgaos-e-tecidos\/","title":{"rendered":"HRA realiza capacita\u00e7\u00e3o sobre doa\u00e7\u00e3o de \u00f3rg\u00e3os e tecidos"},"content":{"rendered":"<p style=\"text-align: justify;\">O Hospital Regional do Agreste (HRA), atrav\u00e9s do N\u00facleo de Educa\u00e7\u00e3o Permanente (NEP), e em parceira com a Organiza\u00e7\u00e3o \u00e0 Procura de \u00d3rg\u00e3os (OPO), promove, nos dias 10 e 11 de agosto, capacita\u00e7\u00e3o para os profissionais de sa\u00fade que atuam no atendimento a pacientes cr\u00edticos. Abordando a tem\u00e1tica sobre o processo de doa\u00e7\u00e3o de \u00f3rg\u00e3os e tecidos, os colaboradores receber\u00e3o orienta\u00e7\u00f5es sobre o tratamento adequado do doador eleg\u00edvel nos casos de morte encef\u00e1lica; aux\u00edlio aos familiares devido \u00e0 perda; al\u00e9m das condutas que devem ser seguidas para a doa\u00e7\u00e3o de \u00f3rg\u00e3os e tecidos para transplantes.<\/p>\n<p style=\"text-align: justify;\">De acordo com Durcival da Silva, coordenador do NEP, o tema \u00e9 delicado e precisa ser trabalhado constantemente. \u201cSabemos que a doa\u00e7\u00e3o de \u00f3rg\u00e3os ainda \u00e9 um tema que enfrenta tabus na sociedade, principalmente, por falta de informa\u00e7\u00e3o. Al\u00e9m disso, algumas vezes, os \u00f3rg\u00e3os e tecidos s\u00e3o perdidos pela avalia\u00e7\u00e3o inadequada dos poss\u00edveis doadores. As capacita\u00e7\u00f5es servem justamente para isso, atualizar a forma\u00e7\u00e3o dos profissionais para realizar a\u00e7\u00f5es corretas e ajudar a salvar vidas\u201d, explicou.<\/p>\n<p style=\"text-align: justify;\">O evento ser\u00e1 realizado no audit\u00f3rio da unidade, para pequenos grupos, seguindo todos os protocolos de seguran\u00e7a, devido \u00e0 pandemia da Covid-19.<\/p>\n","protected":false},"excerpt":{"rendered":"<p>O Hospital Regional do Agreste (HRA), atrav\u00e9s do N\u00facleo de Educa\u00e7\u00e3o Permanente (NEP), e em parceira com a Organiza\u00e7\u00e3o \u00e0&hellip;<\/p>\n","protected":false},"author":1,"featured_media":73058,"comment_status":"open","ping_status":"open","sticky":false,"template":"","format":"standard","meta":{"footnotes":""},"categories":[1],"tags":[2,19532,312,22404,1950],"class_list":["post-73057","post","type-post","status-publish","format-standard","has-post-thumbnail","hentry","category-sem-categoria","tag-blog-do-edvaldo-magalhaes","tag-blog-mais-acessado-e-visualizado-de-caruaru-e-regiao","tag-hospital-regional-do-agreste","tag-hra-realiza-capacitacao-sobre-doacao-de-orgaos-e-tecidos","tag-noticias-de-caruaru"],"_links":{"self":[{"href":"https:\/\/blogdoedvaldomagalhaes.com.br\/index.php\/wp-json\/wp\/v2\/posts\/73057","targetHints":{"allow":["GET"]}}],"collection":[{"href":"https:\/\/blogdoedvaldomagalhaes.com.br\/index.php\/wp-json\/wp\/v2\/posts"}],"about":[{"href":"https:\/\/blogdoedvaldomagalhaes.com.br\/index.php\/wp-json\/wp\/v2\/types\/post"}],"author":[{"embeddable":true,"href":"https:\/\/blogdoedvaldomagalhaes.com.br\/index.php\/wp-json\/wp\/v2\/users\/1"}],"replies":[{"embeddable":true,"href":"https:\/\/blogdoedvaldomagalhaes.com.br\/index.php\/wp-json\/wp\/v2\/comments?post=73057"}],"version-history":[{"count":1,"href":"https:\/\/blogdoedvaldomagalhaes.com.br\/index.php\/wp-json\/wp\/v2\/posts\/73057\/revisions"}],"predecessor-version":[{"id":73059,"href":"https:\/\/blogdoedvaldomagalhaes.com.br\/index.php\/wp-json\/wp\/v2\/posts\/73057\/revisions\/73059"}],"wp:featuredmedia":[{"embeddable":true,"href":"https:\/\/blogdoedvaldomagalhaes.com.br\/index.php\/wp-json\/wp\/v2\/media\/73058"}],"wp:attachment":[{"href":"https:\/\/blogdoedvaldomagalhaes.com.br\/index.php\/wp-json\/wp\/v2\/media?parent=73057"}],"wp:term":[{"taxonomy":"category","embeddable":true,"href":"https:\/\/blogdoedvaldomagalhaes.com.br\/index.php\/wp-json\/wp\/v2\/categories?post=73057"},{"taxonomy":"post_tag","embeddable":true,"href":"https:\/\/blogdoedvaldomagalhaes.com.br\/index.php\/wp-json\/wp\/v2\/tags?post=73057"}],"curies":[{"name":"wp","href":"https:\/\/api.w.org\/{rel}","templated":true}]}}