{"id":73054,"date":"2021-08-09T13:41:31","date_gmt":"2021-08-09T16:41:31","guid":{"rendered":"https:\/\/blogdoedvaldomagalhaes.com.br\/?p=73054"},"modified":"2021-08-09T13:41:32","modified_gmt":"2021-08-09T16:41:32","slug":"estudante-e-preso-ao-tentar-fazer-exame-de-ordem-com-documento-falso-oab-caruaru-acompanha-o-caso","status":"publish","type":"post","link":"https:\/\/blogdoedvaldomagalhaes.com.br\/index.php\/2021\/08\/09\/estudante-e-preso-ao-tentar-fazer-exame-de-ordem-com-documento-falso-oab-caruaru-acompanha-o-caso\/","title":{"rendered":"Estudante \u00e9 preso ao tentar fazer Exame de Ordem com documento falso; OAB Caruaru acompanha o caso"},"content":{"rendered":"<p style=\"text-align: justify;\"><span style=\"font-size: inherit;\">Nesse domingo (08), durante a realiza\u00e7\u00e3o da 2\u00aa fase do XXXII Exame de Ordem da OAB, em Caruaru\/PE, a Funda\u00e7\u00e3o Get\u00falio Vargas (FGV) constatou que um candidato estava fazendo uso de documento falso, na tentativa de fraudar o certame ao se passar por outra pessoa.<\/span><\/p>\n<p style=\"text-align: justify;\">Imediatamente a Pol\u00edcia Civil e Militar foram acionadas, e o candidato foi preso em flagrante, sendo conduzido \u00e0 Delegacia de Plant\u00e3o da Pol\u00edcia Civil em Caruaru.<\/p>\n<p style=\"text-align: justify;\">O presidente da OAB Caruaru, Fernando Santos Jr., esteve presente durante a opera\u00e7\u00e3o, juntamente com o diretor Adjunto da FGV, Carlos Augusto Costa.<\/p>\n<p style=\"text-align: justify;\">A aprova\u00e7\u00e3o no Exame de Ordem \u00e9 requisito necess\u00e1rio para a inscri\u00e7\u00e3o nos quadros da OAB como advogado. O Exame pode ser prestado por bacharel em Direito, ainda que pendente apenas a sua cola\u00e7\u00e3o de grau, formado em institui\u00e7\u00e3o regularmente credenciada. Poder\u00e3o realiz\u00e1-lo os estudantes de Direito do \u00faltimo ano do curso de gradua\u00e7\u00e3o em Direito ou dos dois \u00faltimos semestres.<\/p>\n<p style=\"text-align: justify;\">Foto: Divulga\u00e7\u00e3o<\/p>\n","protected":false},"excerpt":{"rendered":"<p>Nesse domingo (08), durante a realiza\u00e7\u00e3o da 2\u00aa fase do XXXII Exame de Ordem da OAB, em Caruaru\/PE, a Funda\u00e7\u00e3o&hellip;<\/p>\n","protected":false},"author":1,"featured_media":73055,"comment_status":"open","ping_status":"open","sticky":false,"template":"","format":"standard","meta":{"footnotes":""},"categories":[14121],"tags":[2,19532,22403,4661,1950],"class_list":["post-73054","post","type-post","status-publish","format-standard","has-post-thumbnail","hentry","category-policial","tag-blog-do-edvaldo-magalhaes","tag-blog-mais-acessado-e-visualizado-de-caruaru-e-regiao","tag-estudante-e-preso-ao-tentar-fazer-exame-de-ordem-com-documento-falso-oab-caruaru-acompanha-o-caso","tag-fernando-junior","tag-noticias-de-caruaru"],"_links":{"self":[{"href":"https:\/\/blogdoedvaldomagalhaes.com.br\/index.php\/wp-json\/wp\/v2\/posts\/73054","targetHints":{"allow":["GET"]}}],"collection":[{"href":"https:\/\/blogdoedvaldomagalhaes.com.br\/index.php\/wp-json\/wp\/v2\/posts"}],"about":[{"href":"https:\/\/blogdoedvaldomagalhaes.com.br\/index.php\/wp-json\/wp\/v2\/types\/post"}],"author":[{"embeddable":true,"href":"https:\/\/blogdoedvaldomagalhaes.com.br\/index.php\/wp-json\/wp\/v2\/users\/1"}],"replies":[{"embeddable":true,"href":"https:\/\/blogdoedvaldomagalhaes.com.br\/index.php\/wp-json\/wp\/v2\/comments?post=73054"}],"version-history":[{"count":1,"href":"https:\/\/blogdoedvaldomagalhaes.com.br\/index.php\/wp-json\/wp\/v2\/posts\/73054\/revisions"}],"predecessor-version":[{"id":73056,"href":"https:\/\/blogdoedvaldomagalhaes.com.br\/index.php\/wp-json\/wp\/v2\/posts\/73054\/revisions\/73056"}],"wp:featuredmedia":[{"embeddable":true,"href":"https:\/\/blogdoedvaldomagalhaes.com.br\/index.php\/wp-json\/wp\/v2\/media\/73055"}],"wp:attachment":[{"href":"https:\/\/blogdoedvaldomagalhaes.com.br\/index.php\/wp-json\/wp\/v2\/media?parent=73054"}],"wp:term":[{"taxonomy":"category","embeddable":true,"href":"https:\/\/blogdoedvaldomagalhaes.com.br\/index.php\/wp-json\/wp\/v2\/categories?post=73054"},{"taxonomy":"post_tag","embeddable":true,"href":"https:\/\/blogdoedvaldomagalhaes.com.br\/index.php\/wp-json\/wp\/v2\/tags?post=73054"}],"curies":[{"name":"wp","href":"https:\/\/api.w.org\/{rel}","templated":true}]}}