{"id":73051,"date":"2021-08-09T13:26:48","date_gmt":"2021-08-09T16:26:48","guid":{"rendered":"https:\/\/blogdoedvaldomagalhaes.com.br\/?p=73051"},"modified":"2021-08-09T13:26:50","modified_gmt":"2021-08-09T16:26:50","slug":"unifavip-abre-inscricoes-para-o-1-vestibular-presencial-desde-o-inicio-da-pandemia","status":"publish","type":"post","link":"https:\/\/blogdoedvaldomagalhaes.com.br\/index.php\/2021\/08\/09\/unifavip-abre-inscricoes-para-o-1-vestibular-presencial-desde-o-inicio-da-pandemia\/","title":{"rendered":"UniFavip abre inscri\u00e7\u00f5es para o 1\u00b0 vestibular presencial desde o in\u00edcio da pandemia"},"content":{"rendered":"<p style=\"text-align: justify;\"><span style=\"font-size: inherit;\">O Centro Universit\u00e1rio UniFavip abre inscri\u00e7\u00f5es para o vestibular 2021.2 para todos os cursos de gradua\u00e7\u00e3o da institui\u00e7\u00e3o. O processo seletivo ocorrer\u00e1 de forma presencial, no dia 14 de agosto, \u00e0s 9h da manh\u00e3. As inscri\u00e7\u00f5es podem ser realizadas at\u00e9 o dia 13 deste m\u00eas. O vestibular \u00e9 gratuito e as provas ser\u00e3o realizadas na modalidade presencial, respeitando todos os protocolos de seguran\u00e7a exigidos pela Organiza\u00e7\u00e3o Mundial de Sa\u00fade (OMS). Al\u00e9m disso, a depender do desempenho na prova, os candidatos t\u00eam a chance de ganhar bolsas de 100% durante toda a gradua\u00e7\u00e3o.<\/span><\/p>\n<p style=\"text-align: justify;\">O exame ser\u00e1 realizado no pr\u00e9dio da pr\u00f3pria institui\u00e7\u00e3o, que fica localizado na Av. Adjar da Silva Cas\u00e9, 800, Indian\u00f3polis. A avalia\u00e7\u00e3o seguir\u00e1 os moldes tradicionais, com uma prova objetiva e uma prova de reda\u00e7\u00e3o. O tema da reda\u00e7\u00e3o ser\u00e1 disponibilizado no dia do processo seletivo. \u00c9 importante ressaltar que, no dia da prova, os candidatos devem chegar com 1h de anteced\u00eancia ao local, portando um documento de identifica\u00e7\u00e3o com foto e caneta azul de material transparente.<\/p>\n<p style=\"text-align: justify;\">Para realizar a inscri\u00e7\u00e3o, os interessados devem acessar o link e preencher a ficha de cadastro: https:\/\/matriculas.unifavip.com.br\/. Nela o participante deve selecionar a data e o hor\u00e1rio da prova (14\/08 e 9h). Al\u00e9m disso, por meio do link, \u00e9 poss\u00edvel obter mais informa\u00e7\u00f5es a respeito do vestibular e cursos ofertados pela institui\u00e7\u00e3o.<\/p>\n","protected":false},"excerpt":{"rendered":"<p>O Centro Universit\u00e1rio UniFavip abre inscri\u00e7\u00f5es para o vestibular 2021.2 para todos os cursos de gradua\u00e7\u00e3o da institui\u00e7\u00e3o. O processo&hellip;<\/p>\n","protected":false},"author":1,"featured_media":73052,"comment_status":"open","ping_status":"open","sticky":false,"template":"","format":"standard","meta":{"footnotes":""},"categories":[14120],"tags":[2,19532,1950,22402],"class_list":["post-73051","post","type-post","status-publish","format-standard","has-post-thumbnail","hentry","category-noticias","tag-blog-do-edvaldo-magalhaes","tag-blog-mais-acessado-e-visualizado-de-caruaru-e-regiao","tag-noticias-de-caruaru","tag-unifavip-abre-inscricoes-para-o-primeiro-vestibular-presencial-desde-o-inicio-da-pandemia"],"_links":{"self":[{"href":"https:\/\/blogdoedvaldomagalhaes.com.br\/index.php\/wp-json\/wp\/v2\/posts\/73051","targetHints":{"allow":["GET"]}}],"collection":[{"href":"https:\/\/blogdoedvaldomagalhaes.com.br\/index.php\/wp-json\/wp\/v2\/posts"}],"about":[{"href":"https:\/\/blogdoedvaldomagalhaes.com.br\/index.php\/wp-json\/wp\/v2\/types\/post"}],"author":[{"embeddable":true,"href":"https:\/\/blogdoedvaldomagalhaes.com.br\/index.php\/wp-json\/wp\/v2\/users\/1"}],"replies":[{"embeddable":true,"href":"https:\/\/blogdoedvaldomagalhaes.com.br\/index.php\/wp-json\/wp\/v2\/comments?post=73051"}],"version-history":[{"count":1,"href":"https:\/\/blogdoedvaldomagalhaes.com.br\/index.php\/wp-json\/wp\/v2\/posts\/73051\/revisions"}],"predecessor-version":[{"id":73053,"href":"https:\/\/blogdoedvaldomagalhaes.com.br\/index.php\/wp-json\/wp\/v2\/posts\/73051\/revisions\/73053"}],"wp:featuredmedia":[{"embeddable":true,"href":"https:\/\/blogdoedvaldomagalhaes.com.br\/index.php\/wp-json\/wp\/v2\/media\/73052"}],"wp:attachment":[{"href":"https:\/\/blogdoedvaldomagalhaes.com.br\/index.php\/wp-json\/wp\/v2\/media?parent=73051"}],"wp:term":[{"taxonomy":"category","embeddable":true,"href":"https:\/\/blogdoedvaldomagalhaes.com.br\/index.php\/wp-json\/wp\/v2\/categories?post=73051"},{"taxonomy":"post_tag","embeddable":true,"href":"https:\/\/blogdoedvaldomagalhaes.com.br\/index.php\/wp-json\/wp\/v2\/tags?post=73051"}],"curies":[{"name":"wp","href":"https:\/\/api.w.org\/{rel}","templated":true}]}}