{"id":73048,"date":"2021-08-09T13:09:48","date_gmt":"2021-08-09T16:09:48","guid":{"rendered":"https:\/\/blogdoedvaldomagalhaes.com.br\/?p=73048"},"modified":"2021-08-09T13:09:49","modified_gmt":"2021-08-09T16:09:49","slug":"riacho-das-almas-inicia-agendamento-de-pessoas-com-30-anos-para-vacinacao-contra-a-covid-19","status":"publish","type":"post","link":"https:\/\/blogdoedvaldomagalhaes.com.br\/index.php\/2021\/08\/09\/riacho-das-almas-inicia-agendamento-de-pessoas-com-30-anos-para-vacinacao-contra-a-covid-19\/","title":{"rendered":"Riacho das Almas inicia agendamento de pessoas com 30 anos para vacina\u00e7\u00e3o contra a Covid-19"},"content":{"rendered":"<p style=\"text-align: justify;\"><span style=\"font-size: inherit;\">A Prefeitura de Riacho das Almas\/PE iniciou nesta segunda-feira (09), o agendamento para vacina\u00e7\u00e3o contra a Covid-19 para o p\u00fablico geral a partir de 30 anos.<\/span><\/p>\n<p style=\"text-align: justify;\">A amplia\u00e7\u00e3o da cobretura vacinal foi confirmada pelo Prefeito Di\u00f3 Filho, que<br \/>\nInfatizou que o agendamento deve ser realizado pelo site vacina.riachodasalmas.pe.gov.br.<\/p>\n<p style=\"text-align: justify;\">A aplica\u00e7\u00e3o das doses segue no Sal\u00e3o Paroquial, respeitando os hor\u00e1rios e dias estabelecidos no ato do agendamento. Para receber o imunizante \u00e9 necess\u00e1rio apresentar documento de identidade, Cart\u00e3o SUS e comprovante de resid\u00eancia.<\/p>\n","protected":false},"excerpt":{"rendered":"<p>A Prefeitura de Riacho das Almas\/PE iniciou nesta segunda-feira (09), o agendamento para vacina\u00e7\u00e3o contra a Covid-19 para o p\u00fablico&hellip;<\/p>\n","protected":false},"author":1,"featured_media":73049,"comment_status":"open","ping_status":"open","sticky":false,"template":"","format":"standard","meta":{"footnotes":""},"categories":[14120],"tags":[2,19532,1950,19670,22401],"class_list":["post-73048","post","type-post","status-publish","format-standard","has-post-thumbnail","hentry","category-noticias","tag-blog-do-edvaldo-magalhaes","tag-blog-mais-acessado-e-visualizado-de-caruaru-e-regiao","tag-noticias-de-caruaru","tag-novo-coronavirus","tag-riacho-das-almas-inicia-agendamento-de-pessoas-com-30-anos-para-vacinacao-contra-a-covid-19"],"_links":{"self":[{"href":"https:\/\/blogdoedvaldomagalhaes.com.br\/index.php\/wp-json\/wp\/v2\/posts\/73048","targetHints":{"allow":["GET"]}}],"collection":[{"href":"https:\/\/blogdoedvaldomagalhaes.com.br\/index.php\/wp-json\/wp\/v2\/posts"}],"about":[{"href":"https:\/\/blogdoedvaldomagalhaes.com.br\/index.php\/wp-json\/wp\/v2\/types\/post"}],"author":[{"embeddable":true,"href":"https:\/\/blogdoedvaldomagalhaes.com.br\/index.php\/wp-json\/wp\/v2\/users\/1"}],"replies":[{"embeddable":true,"href":"https:\/\/blogdoedvaldomagalhaes.com.br\/index.php\/wp-json\/wp\/v2\/comments?post=73048"}],"version-history":[{"count":1,"href":"https:\/\/blogdoedvaldomagalhaes.com.br\/index.php\/wp-json\/wp\/v2\/posts\/73048\/revisions"}],"predecessor-version":[{"id":73050,"href":"https:\/\/blogdoedvaldomagalhaes.com.br\/index.php\/wp-json\/wp\/v2\/posts\/73048\/revisions\/73050"}],"wp:featuredmedia":[{"embeddable":true,"href":"https:\/\/blogdoedvaldomagalhaes.com.br\/index.php\/wp-json\/wp\/v2\/media\/73049"}],"wp:attachment":[{"href":"https:\/\/blogdoedvaldomagalhaes.com.br\/index.php\/wp-json\/wp\/v2\/media?parent=73048"}],"wp:term":[{"taxonomy":"category","embeddable":true,"href":"https:\/\/blogdoedvaldomagalhaes.com.br\/index.php\/wp-json\/wp\/v2\/categories?post=73048"},{"taxonomy":"post_tag","embeddable":true,"href":"https:\/\/blogdoedvaldomagalhaes.com.br\/index.php\/wp-json\/wp\/v2\/tags?post=73048"}],"curies":[{"name":"wp","href":"https:\/\/api.w.org\/{rel}","templated":true}]}}