{"id":73045,"date":"2021-08-09T12:51:22","date_gmt":"2021-08-09T15:51:22","guid":{"rendered":"https:\/\/blogdoedvaldomagalhaes.com.br\/?p=73045"},"modified":"2021-08-09T12:51:23","modified_gmt":"2021-08-09T15:51:23","slug":"campanha-de-vacinacao-contra-a-gripe-e-ampliada-para-o-publico-geral-em-caruaru","status":"publish","type":"post","link":"https:\/\/blogdoedvaldomagalhaes.com.br\/index.php\/2021\/08\/09\/campanha-de-vacinacao-contra-a-gripe-e-ampliada-para-o-publico-geral-em-caruaru\/","title":{"rendered":"Campanha de vacina\u00e7\u00e3o contra a gripe \u00e9 ampliada para o p\u00fablico geral em Caruaru"},"content":{"rendered":"<p style=\"text-align: justify;\"><span style=\"font-size: inherit;\">A Secretaria de Sa\u00fade de Caruaru, ampliou a vacina\u00e7\u00e3o contra a influenza para toda a popula\u00e7\u00e3o acima dos seis meses de idade. A partir desta segunda-feira (9), as Unidades B\u00e1sicas de Sa\u00fade (UBS) estar\u00e3o abertas, das 7h30 \u00e0s 16h30, para a imuniza\u00e7\u00e3o.<\/span><\/p>\n<p style=\"text-align: justify;\">At\u00e9 o dia 8 de agosto, estavam sendo vacinados apenas os grupos priorit\u00e1rios. Para se vacinar, \u00e9 importante comparecer ao local com todos os documentos necess\u00e1rios: xerox do CPF ou cart\u00e3o do SUS, comprovante de resid\u00eancia e um documento oficial com foto.<\/p>\n<p style=\"text-align: justify;\">\u201cNossa meta \u00e9 alcan\u00e7ar 90% de toda a popula\u00e7\u00e3o caruaruense. Para isso, estamos ampliando a vacina\u00e7\u00e3o de influenza, contra a gripe, para que possamos chegar a um n\u00famero ainda maior de imunizados\u201d, disse a coordenadora do PNI, Leticia Galv\u00e3o.<\/p>\n<p style=\"text-align: justify;\">Covid-19<\/p>\n<p style=\"text-align: justify;\">Considerando a aus\u00eancia de estudos sobre a coadministra\u00e7\u00e3o das vacinas, o Minist\u00e9rio da Sa\u00fade n\u00e3o recomenda a aplica\u00e7\u00e3o das duas doses simultaneamente. A orienta\u00e7\u00e3o, neste momento, \u00e9 priorizar a imuniza\u00e7\u00e3o contra a Covid-19.<\/p>\n<p>Foto: Edmilson Tanaka.<\/p>\n","protected":false},"excerpt":{"rendered":"<p>A Secretaria de Sa\u00fade de Caruaru, ampliou a vacina\u00e7\u00e3o contra a influenza para toda a popula\u00e7\u00e3o acima dos seis meses&hellip;<\/p>\n","protected":false},"author":1,"featured_media":73046,"comment_status":"open","ping_status":"open","sticky":false,"template":"","format":"standard","meta":{"footnotes":""},"categories":[14120],"tags":[2,19532,22400,1950],"class_list":["post-73045","post","type-post","status-publish","format-standard","has-post-thumbnail","hentry","category-noticias","tag-blog-do-edvaldo-magalhaes","tag-blog-mais-acessado-e-visualizado-de-caruaru-e-regiao","tag-campanha-de-vacinacao-contra-a-gripe-e-ampliada-para-o-publico-geral-em-caruaru","tag-noticias-de-caruaru"],"_links":{"self":[{"href":"https:\/\/blogdoedvaldomagalhaes.com.br\/index.php\/wp-json\/wp\/v2\/posts\/73045","targetHints":{"allow":["GET"]}}],"collection":[{"href":"https:\/\/blogdoedvaldomagalhaes.com.br\/index.php\/wp-json\/wp\/v2\/posts"}],"about":[{"href":"https:\/\/blogdoedvaldomagalhaes.com.br\/index.php\/wp-json\/wp\/v2\/types\/post"}],"author":[{"embeddable":true,"href":"https:\/\/blogdoedvaldomagalhaes.com.br\/index.php\/wp-json\/wp\/v2\/users\/1"}],"replies":[{"embeddable":true,"href":"https:\/\/blogdoedvaldomagalhaes.com.br\/index.php\/wp-json\/wp\/v2\/comments?post=73045"}],"version-history":[{"count":1,"href":"https:\/\/blogdoedvaldomagalhaes.com.br\/index.php\/wp-json\/wp\/v2\/posts\/73045\/revisions"}],"predecessor-version":[{"id":73047,"href":"https:\/\/blogdoedvaldomagalhaes.com.br\/index.php\/wp-json\/wp\/v2\/posts\/73045\/revisions\/73047"}],"wp:featuredmedia":[{"embeddable":true,"href":"https:\/\/blogdoedvaldomagalhaes.com.br\/index.php\/wp-json\/wp\/v2\/media\/73046"}],"wp:attachment":[{"href":"https:\/\/blogdoedvaldomagalhaes.com.br\/index.php\/wp-json\/wp\/v2\/media?parent=73045"}],"wp:term":[{"taxonomy":"category","embeddable":true,"href":"https:\/\/blogdoedvaldomagalhaes.com.br\/index.php\/wp-json\/wp\/v2\/categories?post=73045"},{"taxonomy":"post_tag","embeddable":true,"href":"https:\/\/blogdoedvaldomagalhaes.com.br\/index.php\/wp-json\/wp\/v2\/tags?post=73045"}],"curies":[{"name":"wp","href":"https:\/\/api.w.org\/{rel}","templated":true}]}}