{"id":73012,"date":"2021-08-07T19:10:36","date_gmt":"2021-08-07T22:10:36","guid":{"rendered":"https:\/\/blogdoedvaldomagalhaes.com.br\/?p=73012"},"modified":"2021-08-07T19:10:37","modified_gmt":"2021-08-07T22:10:37","slug":"belo-jardim-nao-registra-nenhum-caso-de-covid-19-e-zera-pacientes-internados-no-municipio","status":"publish","type":"post","link":"https:\/\/blogdoedvaldomagalhaes.com.br\/index.php\/2021\/08\/07\/belo-jardim-nao-registra-nenhum-caso-de-covid-19-e-zera-pacientes-internados-no-municipio\/","title":{"rendered":"Belo Jardim n\u00e3o registra nenhum caso de Covid-19 e zera pacientes internados no munic\u00edpio"},"content":{"rendered":"<p style=\"text-align: justify;\"><span style=\"font-size: inherit;\">A cidade de Belo Jardim chega ao in\u00edcio da noite deste s\u00e1bado (07) com motivos de sobra para comemorar. De acordo com a Secretaria Municipal de Sa\u00fade, nenhum novo caso da Covid-19 foi registrado no munic\u00edpio e a Ala de Internamento Covid n\u00e3o est\u00e1 com nenhum paciente hospitalizado.<\/span><\/p>\n<p style=\"text-align: justify;\">&#8220;Todas as pequenas vit\u00f3rias contra esse v\u00edrus devem ser celebradas. Parab\u00e9ns \u00e0 equipe de vacina\u00e7\u00e3o por ajudarem a alcan\u00e7armos este \u00edndice hoje, como tamb\u00e9m aos nossos profissionais da sa\u00fade como um todo, que se esfor\u00e7am para garantir qualidade de vida e a vida dos nossos belo-jardinenses\u201d, declarou o prefeito Gilvandro Estrela.<\/p>\n<p style=\"text-align: justify;\">Os registros s\u00e3o frutos do avan\u00e7o da vacina\u00e7\u00e3o na cidade, que j\u00e1 imunizou, com pelo menos uma dose ou dose \u00fanica, mais de 70% da popula\u00e7\u00e3o acima dos 18 anos.<br \/>\nAt\u00e9 o momento, foram administradas 52.743 doses entre D1, D2 e Dose \u00fanica.<\/p>\n<p style=\"text-align: justify;\">&#8220;Essa not\u00edcia acalenta o nosso cora\u00e7\u00e3o e nos mostra que estamos no caminho certo no combate a essa pandemia. Agrade\u00e7o ao prefeito Gilvandro Estrela por acreditar em nosso trabalho e a toda minha equipe que luta, incansavelmente, contra esse v\u00edrus e suas consequ\u00eancias&#8221;, disse a secret\u00e1ria de Sa\u00fade, Aline Cordeiro.<\/p>\n<p style=\"text-align: justify;\">Apesar dos dados animadores, a pandemia ainda n\u00e3o acabou e as recomenda\u00e7\u00f5es devem continuar sendo seguidas, como: uso de m\u00e1scaras, de \u00e1lcool em gel e evitar aglomera\u00e7\u00f5es.<\/p>\n","protected":false},"excerpt":{"rendered":"<p>A cidade de Belo Jardim chega ao in\u00edcio da noite deste s\u00e1bado (07) com motivos de sobra para comemorar. De&hellip;<\/p>\n","protected":false},"author":1,"featured_media":73013,"comment_status":"open","ping_status":"open","sticky":false,"template":"","format":"standard","meta":{"footnotes":""},"categories":[14120],"tags":[22394,2,19532,1950,19670],"class_list":["post-73012","post","type-post","status-publish","format-standard","has-post-thumbnail","hentry","category-noticias","tag-belo-jardim-nao-registra-nenhum-caso-de-covid-19-e-zera-pacientes-internados-no-municipio","tag-blog-do-edvaldo-magalhaes","tag-blog-mais-acessado-e-visualizado-de-caruaru-e-regiao","tag-noticias-de-caruaru","tag-novo-coronavirus"],"_links":{"self":[{"href":"https:\/\/blogdoedvaldomagalhaes.com.br\/index.php\/wp-json\/wp\/v2\/posts\/73012","targetHints":{"allow":["GET"]}}],"collection":[{"href":"https:\/\/blogdoedvaldomagalhaes.com.br\/index.php\/wp-json\/wp\/v2\/posts"}],"about":[{"href":"https:\/\/blogdoedvaldomagalhaes.com.br\/index.php\/wp-json\/wp\/v2\/types\/post"}],"author":[{"embeddable":true,"href":"https:\/\/blogdoedvaldomagalhaes.com.br\/index.php\/wp-json\/wp\/v2\/users\/1"}],"replies":[{"embeddable":true,"href":"https:\/\/blogdoedvaldomagalhaes.com.br\/index.php\/wp-json\/wp\/v2\/comments?post=73012"}],"version-history":[{"count":1,"href":"https:\/\/blogdoedvaldomagalhaes.com.br\/index.php\/wp-json\/wp\/v2\/posts\/73012\/revisions"}],"predecessor-version":[{"id":73014,"href":"https:\/\/blogdoedvaldomagalhaes.com.br\/index.php\/wp-json\/wp\/v2\/posts\/73012\/revisions\/73014"}],"wp:featuredmedia":[{"embeddable":true,"href":"https:\/\/blogdoedvaldomagalhaes.com.br\/index.php\/wp-json\/wp\/v2\/media\/73013"}],"wp:attachment":[{"href":"https:\/\/blogdoedvaldomagalhaes.com.br\/index.php\/wp-json\/wp\/v2\/media?parent=73012"}],"wp:term":[{"taxonomy":"category","embeddable":true,"href":"https:\/\/blogdoedvaldomagalhaes.com.br\/index.php\/wp-json\/wp\/v2\/categories?post=73012"},{"taxonomy":"post_tag","embeddable":true,"href":"https:\/\/blogdoedvaldomagalhaes.com.br\/index.php\/wp-json\/wp\/v2\/tags?post=73012"}],"curies":[{"name":"wp","href":"https:\/\/api.w.org\/{rel}","templated":true}]}}