{"id":73003,"date":"2021-08-07T17:02:47","date_gmt":"2021-08-07T20:02:47","guid":{"rendered":"https:\/\/blogdoedvaldomagalhaes.com.br\/?p=73003"},"modified":"2021-08-07T17:02:49","modified_gmt":"2021-08-07T20:02:49","slug":"caminhao-carregado-com-madeira-tomba-na-br-104-em-caruaru","status":"publish","type":"post","link":"https:\/\/blogdoedvaldomagalhaes.com.br\/index.php\/2021\/08\/07\/caminhao-carregado-com-madeira-tomba-na-br-104-em-caruaru\/","title":{"rendered":"Caminh\u00e3o carregado com madeira tomba na BR 104 em Caruaru"},"content":{"rendered":"<p style=\"text-align: justify;\">O acidente ocorreu por volta das 12h50, deste s\u00e1bado (07), no km 31 da BR 104 em Caruaru.<\/p>\n<p style=\"text-align: justify;\">O motorista de um caminh\u00e3o que transportava madeira perdeu o controle do ve\u00edculo e tombou. Ningu\u00e9m ficou ferido.<\/p>\n<p style=\"text-align: justify;\">A rodovia ficou parcialmente interditada.<\/p>\n\n\n<figure class=\"wp-block-image size-large\"><img loading=\"lazy\" decoding=\"async\" width=\"1024\" height=\"576\" src=\"https:\/\/blogdoedvaldomagalhaes.com.br\/wp-content\/uploads\/2021\/08\/IMG-20210807-WA0162-1024x576.jpg\" alt=\"\" class=\"wp-image-73006\" srcset=\"https:\/\/blogdoedvaldomagalhaes.com.br\/wp-content\/uploads\/2021\/08\/IMG-20210807-WA0162-1024x576.jpg 1024w, https:\/\/blogdoedvaldomagalhaes.com.br\/wp-content\/uploads\/2021\/08\/IMG-20210807-WA0162-300x169.jpg 300w, https:\/\/blogdoedvaldomagalhaes.com.br\/wp-content\/uploads\/2021\/08\/IMG-20210807-WA0162-768x432.jpg 768w, https:\/\/blogdoedvaldomagalhaes.com.br\/wp-content\/uploads\/2021\/08\/IMG-20210807-WA0162-1140x641.jpg 1140w, https:\/\/blogdoedvaldomagalhaes.com.br\/wp-content\/uploads\/2021\/08\/IMG-20210807-WA0162-720x405.jpg 720w, https:\/\/blogdoedvaldomagalhaes.com.br\/wp-content\/uploads\/2021\/08\/IMG-20210807-WA0162.jpg 1280w\" sizes=\"auto, (max-width: 1024px) 100vw, 1024px\" \/><figcaption>Fotos: PRF\/Divulga\u00e7\u00e3o <\/figcaption><\/figure>\n","protected":false},"excerpt":{"rendered":"<p>O acidente ocorreu por volta das 12h50, deste s\u00e1bado (07), no km 31 da BR 104 em Caruaru. O motorista&hellip;<\/p>\n","protected":false},"author":1,"featured_media":73005,"comment_status":"open","ping_status":"open","sticky":false,"template":"","format":"standard","meta":{"footnotes":""},"categories":[1],"tags":[2,19532,22392,1950],"class_list":["post-73003","post","type-post","status-publish","format-standard","has-post-thumbnail","hentry","category-sem-categoria","tag-blog-do-edvaldo-magalhaes","tag-blog-mais-acessado-e-visualizado-de-caruaru-e-regiao","tag-caminhao-carregado-com-madeira-tomba-na-br-104-em-caruaru","tag-noticias-de-caruaru"],"_links":{"self":[{"href":"https:\/\/blogdoedvaldomagalhaes.com.br\/index.php\/wp-json\/wp\/v2\/posts\/73003","targetHints":{"allow":["GET"]}}],"collection":[{"href":"https:\/\/blogdoedvaldomagalhaes.com.br\/index.php\/wp-json\/wp\/v2\/posts"}],"about":[{"href":"https:\/\/blogdoedvaldomagalhaes.com.br\/index.php\/wp-json\/wp\/v2\/types\/post"}],"author":[{"embeddable":true,"href":"https:\/\/blogdoedvaldomagalhaes.com.br\/index.php\/wp-json\/wp\/v2\/users\/1"}],"replies":[{"embeddable":true,"href":"https:\/\/blogdoedvaldomagalhaes.com.br\/index.php\/wp-json\/wp\/v2\/comments?post=73003"}],"version-history":[{"count":1,"href":"https:\/\/blogdoedvaldomagalhaes.com.br\/index.php\/wp-json\/wp\/v2\/posts\/73003\/revisions"}],"predecessor-version":[{"id":73007,"href":"https:\/\/blogdoedvaldomagalhaes.com.br\/index.php\/wp-json\/wp\/v2\/posts\/73003\/revisions\/73007"}],"wp:featuredmedia":[{"embeddable":true,"href":"https:\/\/blogdoedvaldomagalhaes.com.br\/index.php\/wp-json\/wp\/v2\/media\/73005"}],"wp:attachment":[{"href":"https:\/\/blogdoedvaldomagalhaes.com.br\/index.php\/wp-json\/wp\/v2\/media?parent=73003"}],"wp:term":[{"taxonomy":"category","embeddable":true,"href":"https:\/\/blogdoedvaldomagalhaes.com.br\/index.php\/wp-json\/wp\/v2\/categories?post=73003"},{"taxonomy":"post_tag","embeddable":true,"href":"https:\/\/blogdoedvaldomagalhaes.com.br\/index.php\/wp-json\/wp\/v2\/tags?post=73003"}],"curies":[{"name":"wp","href":"https:\/\/api.w.org\/{rel}","templated":true}]}}