{"id":73000,"date":"2021-08-07T14:48:45","date_gmt":"2021-08-07T17:48:45","guid":{"rendered":"https:\/\/blogdoedvaldomagalhaes.com.br\/?p=73000"},"modified":"2021-08-07T14:48:47","modified_gmt":"2021-08-07T17:48:47","slug":"pm-captura-grupo-e-recupera-produtos-roubados-em-loja","status":"publish","type":"post","link":"https:\/\/blogdoedvaldomagalhaes.com.br\/index.php\/2021\/08\/07\/pm-captura-grupo-e-recupera-produtos-roubados-em-loja\/","title":{"rendered":"PM captura grupo e recupera produtos roubados em loja"},"content":{"rendered":"<p style=\"text-align: justify;\"><span style=\"font-size: inherit;\">Policiais militares do 11\u00ba BPM prenderam, nessa sexta-feira (06\/08), quatro homens que haviam acabado de assaltar as Lojas Americanas da Avenida 17 de Agosto, no Recife. O grupo foi violento, usando arma de fogo e fazendo amea\u00e7as contra as pessoas que estavam no estabelecimento e fugiu antes da chegada do efetivo.<\/span><\/p>\n<p style=\"text-align: justify;\">Foram feitas dilig\u00eancias e descoberta a localiza\u00e7\u00e3o da quadrilha, na Rua Jacarandira, em Dois Unidos, no Recife. F<span style=\"font-size: inherit;\">oi montada uma campana para surpreender e n\u00e3o chance de fuga para os suspeitos que, cercados, n\u00e3o tiveram como reagir \u00e0 pris\u00e3o. Com eles foram apreendidos os produtos do estabelecimento, o carro usado, que tamb\u00e9m era roubado, e uma arma de fogo.<\/span><\/p>\n<p style=\"text-align: justify;\">O grupo e todo o material foram encaminhados para a Central de Plant\u00f5es da Capital para que fossem tomadas as medidas cab\u00edveis.<\/p>\n","protected":false},"excerpt":{"rendered":"<p>Policiais militares do 11\u00ba BPM prenderam, nessa sexta-feira (06\/08), quatro homens que haviam acabado de assaltar as Lojas Americanas da&hellip;<\/p>\n","protected":false},"author":1,"featured_media":73001,"comment_status":"open","ping_status":"open","sticky":false,"template":"","format":"standard","meta":{"footnotes":""},"categories":[14121],"tags":[2,19532,1950,22391],"class_list":["post-73000","post","type-post","status-publish","format-standard","has-post-thumbnail","hentry","category-policial","tag-blog-do-edvaldo-magalhaes","tag-blog-mais-acessado-e-visualizado-de-caruaru-e-regiao","tag-noticias-de-caruaru","tag-pm-captura-grupo-e-recupera-produtos-roubados-em-loja"],"_links":{"self":[{"href":"https:\/\/blogdoedvaldomagalhaes.com.br\/index.php\/wp-json\/wp\/v2\/posts\/73000","targetHints":{"allow":["GET"]}}],"collection":[{"href":"https:\/\/blogdoedvaldomagalhaes.com.br\/index.php\/wp-json\/wp\/v2\/posts"}],"about":[{"href":"https:\/\/blogdoedvaldomagalhaes.com.br\/index.php\/wp-json\/wp\/v2\/types\/post"}],"author":[{"embeddable":true,"href":"https:\/\/blogdoedvaldomagalhaes.com.br\/index.php\/wp-json\/wp\/v2\/users\/1"}],"replies":[{"embeddable":true,"href":"https:\/\/blogdoedvaldomagalhaes.com.br\/index.php\/wp-json\/wp\/v2\/comments?post=73000"}],"version-history":[{"count":1,"href":"https:\/\/blogdoedvaldomagalhaes.com.br\/index.php\/wp-json\/wp\/v2\/posts\/73000\/revisions"}],"predecessor-version":[{"id":73002,"href":"https:\/\/blogdoedvaldomagalhaes.com.br\/index.php\/wp-json\/wp\/v2\/posts\/73000\/revisions\/73002"}],"wp:featuredmedia":[{"embeddable":true,"href":"https:\/\/blogdoedvaldomagalhaes.com.br\/index.php\/wp-json\/wp\/v2\/media\/73001"}],"wp:attachment":[{"href":"https:\/\/blogdoedvaldomagalhaes.com.br\/index.php\/wp-json\/wp\/v2\/media?parent=73000"}],"wp:term":[{"taxonomy":"category","embeddable":true,"href":"https:\/\/blogdoedvaldomagalhaes.com.br\/index.php\/wp-json\/wp\/v2\/categories?post=73000"},{"taxonomy":"post_tag","embeddable":true,"href":"https:\/\/blogdoedvaldomagalhaes.com.br\/index.php\/wp-json\/wp\/v2\/tags?post=73000"}],"curies":[{"name":"wp","href":"https:\/\/api.w.org\/{rel}","templated":true}]}}