{"id":72992,"date":"2021-08-07T10:57:02","date_gmt":"2021-08-07T13:57:02","guid":{"rendered":"https:\/\/blogdoedvaldomagalhaes.com.br\/?p=72992"},"modified":"2021-08-07T10:57:04","modified_gmt":"2021-08-07T13:57:04","slug":"aberto-agendamento-para-vacina-contra-covid-19-de-pessoas-a-partir-dos-28-anos-em-caruaru","status":"publish","type":"post","link":"https:\/\/blogdoedvaldomagalhaes.com.br\/index.php\/2021\/08\/07\/aberto-agendamento-para-vacina-contra-covid-19-de-pessoas-a-partir-dos-28-anos-em-caruaru\/","title":{"rendered":"Aberto agendamento para vacina contra covid-19 de pessoas a partir dos 28 anos em Caruaru"},"content":{"rendered":"<p style=\"text-align: justify;\"><span style=\"font-size: inherit;\">Se voc\u00ea tem 28 anos ou mais, chegou a hora de consultar o seu agendamento para a imuniza\u00e7\u00e3o contra a Covid-19 no site Vacina Caruaru, no mesmo local onde realizou o pr\u00e9-cadastro. No documento constam as informa\u00e7\u00f5es sobre o local, dia e hora da vacina\u00e7\u00e3o.<\/span><\/p>\n<p style=\"text-align: justify;\">Al\u00e9m dessa nova faixa et\u00e1ria, Caruaru continua vacinando todos os grupos priorit\u00e1rios listados no Plano Nacional de Operacionaliza\u00e7\u00e3o (PNO). Ontem (6) foi anunciado, tamb\u00e9m, o agendamento para adolescentes com defici\u00eancia permanente e comorbidades, entre 12 e 17 anos, conforme pactua\u00e7\u00e3o em reuni\u00e3o da Comiss\u00e3o Intergestores Bipartite (CIB).<\/p>\n<p style=\"text-align: justify;\">T\u00e3o importante quando comparecer no dia e hor\u00e1rio agendados, para evitar aglomera\u00e7\u00f5es, \u00e9 lembrar da documenta\u00e7\u00e3o necess\u00e1ria: documento oficial com foto, c\u00f3pia do CPF; cart\u00e3o do SUS (CNS) e comprovante de resid\u00eancia.<\/p>\n<p style=\"text-align: justify;\">Ao todo, desde o in\u00edcio da campanha de vacina\u00e7\u00e3o em Caruaru, foram recebidas 267.705 doses e j\u00e1 foram aplicadas 181.972, entre dose 1 (D1) e dose \u00fanica (DU). &#8220;Isso representa mais de 70% da popula\u00e7\u00e3o adulta, com mais de 18 anos, que tomou, pelo menos, uma dose da vacina. 56.555 pessoas j\u00e1 se vacinaram com as duas doses, o equivalente a mais de 30% da popula\u00e7\u00e3o adulta vacin\u00e1vel&#8221;, afirmou o secret\u00e1rio municipal de Sa\u00fade, Breno Feitoza.<\/p>\n<p style=\"text-align: justify;\">Foto: Jana\u00edna Pepeu.<\/p>\n","protected":false},"excerpt":{"rendered":"<p>Se voc\u00ea tem 28 anos ou mais, chegou a hora de consultar o seu agendamento para a imuniza\u00e7\u00e3o contra a&hellip;<\/p>\n","protected":false},"author":1,"featured_media":72993,"comment_status":"open","ping_status":"open","sticky":false,"template":"","format":"standard","meta":{"footnotes":""},"categories":[14120],"tags":[992,19532,22389,1950,19670],"class_list":["post-72992","post","type-post","status-publish","format-standard","has-post-thumbnail","hentry","category-noticias","tag-blog-do-edvaldo-do-magalhaes","tag-blog-mais-acessado-e-visualizado-de-caruaru-e-regiao","tag-caruaru-inicia-agendamento-para-vacina-contra-covid-19-de-pessoas-a-partir-dos-28-anos","tag-noticias-de-caruaru","tag-novo-coronavirus"],"_links":{"self":[{"href":"https:\/\/blogdoedvaldomagalhaes.com.br\/index.php\/wp-json\/wp\/v2\/posts\/72992","targetHints":{"allow":["GET"]}}],"collection":[{"href":"https:\/\/blogdoedvaldomagalhaes.com.br\/index.php\/wp-json\/wp\/v2\/posts"}],"about":[{"href":"https:\/\/blogdoedvaldomagalhaes.com.br\/index.php\/wp-json\/wp\/v2\/types\/post"}],"author":[{"embeddable":true,"href":"https:\/\/blogdoedvaldomagalhaes.com.br\/index.php\/wp-json\/wp\/v2\/users\/1"}],"replies":[{"embeddable":true,"href":"https:\/\/blogdoedvaldomagalhaes.com.br\/index.php\/wp-json\/wp\/v2\/comments?post=72992"}],"version-history":[{"count":1,"href":"https:\/\/blogdoedvaldomagalhaes.com.br\/index.php\/wp-json\/wp\/v2\/posts\/72992\/revisions"}],"predecessor-version":[{"id":72994,"href":"https:\/\/blogdoedvaldomagalhaes.com.br\/index.php\/wp-json\/wp\/v2\/posts\/72992\/revisions\/72994"}],"wp:featuredmedia":[{"embeddable":true,"href":"https:\/\/blogdoedvaldomagalhaes.com.br\/index.php\/wp-json\/wp\/v2\/media\/72993"}],"wp:attachment":[{"href":"https:\/\/blogdoedvaldomagalhaes.com.br\/index.php\/wp-json\/wp\/v2\/media?parent=72992"}],"wp:term":[{"taxonomy":"category","embeddable":true,"href":"https:\/\/blogdoedvaldomagalhaes.com.br\/index.php\/wp-json\/wp\/v2\/categories?post=72992"},{"taxonomy":"post_tag","embeddable":true,"href":"https:\/\/blogdoedvaldomagalhaes.com.br\/index.php\/wp-json\/wp\/v2\/tags?post=72992"}],"curies":[{"name":"wp","href":"https:\/\/api.w.org\/{rel}","templated":true}]}}