{"id":7299,"date":"2016-12-21T17:30:00","date_gmt":"2016-12-21T19:30:00","guid":{"rendered":"http:\/\/blogdoedvaldomagalhaes.com.br\/index.php\/2016\/12\/21\/4-bpm-de-caruaru-tera-novo-comandante\/"},"modified":"2019-02-09T01:11:10","modified_gmt":"2019-02-09T03:11:10","slug":"4-bpm-de-caruaru-tera-novo-comandante","status":"publish","type":"post","link":"https:\/\/blogdoedvaldomagalhaes.com.br\/index.php\/2016\/12\/21\/4-bpm-de-caruaru-tera-novo-comandante\/","title":{"rendered":"4\u00ba BPM de Caruaru ter\u00e1 novo comandante a partir de Janeiro"},"content":{"rendered":"<div class=\"MsoNoSpacing\" style=\"background-color: #fefdfa; text-align: justify;\">\n<div class=\"separator\" style=\"clear: both; text-align: center;\">\n<a href=\"https:\/\/3.bp.blogspot.com\/-v9O7wnqifwU\/WFq9sruZJXI\/AAAAAAAAMHQ\/XZ92795InFYWiT0ZMUwq6ekKvoo0ZukjQCLcB\/s1600\/ely.jpg\" imageanchor=\"1\" style=\"margin-left: 1em; margin-right: 1em;\"><img loading=\"lazy\" decoding=\"async\" border=\"0\" height=\"300\" src=\"http:\/\/blogdoedvaldomagalhaes.com.br\/wp-content\/uploads\/2016\/12\/ely.jpg\" width=\"400\" \/><\/a><\/div>\n<div class=\"separator\" style=\"clear: both; text-align: center;\">\nFoto do Ten. Cor. Ely Jobson<\/div>\n<p>\nO 4\u00ba Batalh\u00e3o Barreto Menezes em Caruaru ter\u00e1 novo comandante a partir do dia 02 de Janeiro de 2017, o Tenente Coronel Ely Jobson Bezerra de Melo, que estava a frente do 9\u00ba BPM em Garanhuns, vai assumir o comando da Unidade da Pol\u00edcia Militar em substitui\u00e7\u00e3o ao Tenente Coronel Roberto Galindo, que permanece em Caruaru at\u00e9 o fim do ano, e deixa o comando do 4\u00ba BPM ap\u00f3s passar 15 meses a frente do mesmo.&nbsp;<\/p>\n<p><\/p>\n<div class=\"separator\" style=\"clear: both; text-align: center;\">\n<a href=\"https:\/\/2.bp.blogspot.com\/-_5nxWto9czU\/WFq9OykqOTI\/AAAAAAAAMHM\/zNEO-J6saIwr0VcIymYmhsBXd3nCH_FvwCLcB\/s1600\/tenente.jpg\" imageanchor=\"1\" style=\"margin-left: 1em; margin-right: 1em;\"><img loading=\"lazy\" decoding=\"async\" border=\"0\" height=\"245\" src=\"http:\/\/blogdoedvaldomagalhaes.com.br\/wp-content\/uploads\/2016\/12\/tenente-1.jpg\" width=\"400\" \/><\/a><\/div>\n<div style=\"text-align: center;\">\nFoto do Ten Cor. Roberto Galindo<\/div>\n<\/div>\n<div class=\"MsoNoSpacing\" style=\"background-color: #fefdfa; text-align: justify;\">\n<div style=\"text-align: center;\">\n<\/div>\n<\/div>\n<div class=\"MsoNoSpacing\" style=\"background-color: #fefdfa; text-align: justify;\">\nO novo Comandante \u00e9 natural do Recife e j\u00e1 serviu como Major no Setor de Intelig\u00eancia da PMPE, coordenando os N\u00facleos de Intelig\u00eancia do Agreste e Zona da Mata, posteriormente foi promovido a Tenente Coronel e assumiu o 9\u00ba BPM de Garanhuns no dia 11 de Maio de 2015.&nbsp;&nbsp;O&nbsp;tenente-coronel Paulo C\u00e9sar Gon\u00e7alves Cavalcante, ser\u00e1 o novo comandante do 9\u00ba BPM.<\/div>\n","protected":false},"excerpt":{"rendered":"<p>Foto do Ten. Cor. Ely Jobson O 4\u00ba Batalh\u00e3o Barreto Menezes em Caruaru ter\u00e1 novo comandante a partir do dia&hellip;<\/p>\n","protected":false},"author":1,"featured_media":0,"comment_status":"open","ping_status":"open","sticky":false,"template":"","format":"standard","meta":{"footnotes":""},"categories":[1],"tags":[10207,2,10208,3782,10209,13,9983,6606],"class_list":["post-7299","post","type-post","status-publish","format-standard","hentry","category-sem-categoria","tag-4o-bpm-de-caruaru-tera-novo-comandante-a-partir-de-janeiro","tag-blog-do-edvaldo-magalhaes","tag-ely-jobson-bezerra-de-melo","tag-garanhuns","tag-nucleos-de-inteligencia-do-agreste","tag-policial","tag-roberto-galindo","tag-zona-da-mata"],"_links":{"self":[{"href":"https:\/\/blogdoedvaldomagalhaes.com.br\/index.php\/wp-json\/wp\/v2\/posts\/7299","targetHints":{"allow":["GET"]}}],"collection":[{"href":"https:\/\/blogdoedvaldomagalhaes.com.br\/index.php\/wp-json\/wp\/v2\/posts"}],"about":[{"href":"https:\/\/blogdoedvaldomagalhaes.com.br\/index.php\/wp-json\/wp\/v2\/types\/post"}],"author":[{"embeddable":true,"href":"https:\/\/blogdoedvaldomagalhaes.com.br\/index.php\/wp-json\/wp\/v2\/users\/1"}],"replies":[{"embeddable":true,"href":"https:\/\/blogdoedvaldomagalhaes.com.br\/index.php\/wp-json\/wp\/v2\/comments?post=7299"}],"version-history":[{"count":1,"href":"https:\/\/blogdoedvaldomagalhaes.com.br\/index.php\/wp-json\/wp\/v2\/posts\/7299\/revisions"}],"predecessor-version":[{"id":15317,"href":"https:\/\/blogdoedvaldomagalhaes.com.br\/index.php\/wp-json\/wp\/v2\/posts\/7299\/revisions\/15317"}],"wp:attachment":[{"href":"https:\/\/blogdoedvaldomagalhaes.com.br\/index.php\/wp-json\/wp\/v2\/media?parent=7299"}],"wp:term":[{"taxonomy":"category","embeddable":true,"href":"https:\/\/blogdoedvaldomagalhaes.com.br\/index.php\/wp-json\/wp\/v2\/categories?post=7299"},{"taxonomy":"post_tag","embeddable":true,"href":"https:\/\/blogdoedvaldomagalhaes.com.br\/index.php\/wp-json\/wp\/v2\/tags?post=7299"}],"curies":[{"name":"wp","href":"https:\/\/api.w.org\/{rel}","templated":true}]}}