{"id":72921,"date":"2021-08-05T14:39:39","date_gmt":"2021-08-05T17:39:39","guid":{"rendered":"https:\/\/blogdoedvaldomagalhaes.com.br\/?p=72921"},"modified":"2021-08-05T14:53:06","modified_gmt":"2021-08-05T17:53:06","slug":"pai-mata-filha-de-6-meses-com-tiro-na-cabeca-no-agreste-pe","status":"publish","type":"post","link":"https:\/\/blogdoedvaldomagalhaes.com.br\/index.php\/2021\/08\/05\/pai-mata-filha-de-6-meses-com-tiro-na-cabeca-no-agreste-pe\/","title":{"rendered":"Pai mata filha de 6 meses com tiro na cabe\u00e7a no Agreste-PE"},"content":{"rendered":"<p style=\"text-align: justify;\"><span style=\"font-size: inherit;\">A pol\u00edcia informou que, na noite dessa quarta-feira (4), no s\u00edtio Boi, na zona rural de Correntes, no Agreste de Pernambuco, o <\/span><span style=\"font-size: inherit;\">agricultor Jo\u00e3o de Lima Filho, de 35 anos de idade, chegou em casa embriagado, discutiu com a esposa, tirou a menina dos bra\u00e7os da m\u00e3e, se trancou com a filha em um c\u00f4modo da casa e <\/span><span style=\"font-size: inherit;\">atirou na cabe\u00e7a da filha de seis meses de idade, depois efetuou um <\/span><span style=\"font-size: inherit;\">disparo de arma de fogo contra a pr\u00f3pria cabe\u00e7a. Jo\u00e3o ainda foi socorrido, mas morreu nessa madrugada no Hospital Regional Dom Moura, em Garanhuns.<\/span><\/p>\n<p style=\"text-align: justify;\">Os corpos de pai e filha foram encaminhados para o Instituto de Medicina Legal (IML) de Caruaru.<\/p>\n<p>Foto: Comando Policial.<\/p>\n","protected":false},"excerpt":{"rendered":"<p>A pol\u00edcia informou que, na noite dessa quarta-feira (4), no s\u00edtio Boi, na zona rural de Correntes, no Agreste de&hellip;<\/p>\n","protected":false},"author":1,"featured_media":72922,"comment_status":"open","ping_status":"open","sticky":false,"template":"","format":"standard","meta":{"footnotes":""},"categories":[14121],"tags":[2,19532,1950,22374],"class_list":["post-72921","post","type-post","status-publish","format-standard","has-post-thumbnail","hentry","category-policial","tag-blog-do-edvaldo-magalhaes","tag-blog-mais-acessado-e-visualizado-de-caruaru-e-regiao","tag-noticias-de-caruaru","tag-pai-mata-filha-de-6-meses-com-tiro-na-cabeca-no-agreste-pe"],"_links":{"self":[{"href":"https:\/\/blogdoedvaldomagalhaes.com.br\/index.php\/wp-json\/wp\/v2\/posts\/72921","targetHints":{"allow":["GET"]}}],"collection":[{"href":"https:\/\/blogdoedvaldomagalhaes.com.br\/index.php\/wp-json\/wp\/v2\/posts"}],"about":[{"href":"https:\/\/blogdoedvaldomagalhaes.com.br\/index.php\/wp-json\/wp\/v2\/types\/post"}],"author":[{"embeddable":true,"href":"https:\/\/blogdoedvaldomagalhaes.com.br\/index.php\/wp-json\/wp\/v2\/users\/1"}],"replies":[{"embeddable":true,"href":"https:\/\/blogdoedvaldomagalhaes.com.br\/index.php\/wp-json\/wp\/v2\/comments?post=72921"}],"version-history":[{"count":3,"href":"https:\/\/blogdoedvaldomagalhaes.com.br\/index.php\/wp-json\/wp\/v2\/posts\/72921\/revisions"}],"predecessor-version":[{"id":72926,"href":"https:\/\/blogdoedvaldomagalhaes.com.br\/index.php\/wp-json\/wp\/v2\/posts\/72921\/revisions\/72926"}],"wp:featuredmedia":[{"embeddable":true,"href":"https:\/\/blogdoedvaldomagalhaes.com.br\/index.php\/wp-json\/wp\/v2\/media\/72922"}],"wp:attachment":[{"href":"https:\/\/blogdoedvaldomagalhaes.com.br\/index.php\/wp-json\/wp\/v2\/media?parent=72921"}],"wp:term":[{"taxonomy":"category","embeddable":true,"href":"https:\/\/blogdoedvaldomagalhaes.com.br\/index.php\/wp-json\/wp\/v2\/categories?post=72921"},{"taxonomy":"post_tag","embeddable":true,"href":"https:\/\/blogdoedvaldomagalhaes.com.br\/index.php\/wp-json\/wp\/v2\/tags?post=72921"}],"curies":[{"name":"wp","href":"https:\/\/api.w.org\/{rel}","templated":true}]}}