{"id":72917,"date":"2021-08-05T14:03:02","date_gmt":"2021-08-05T17:03:02","guid":{"rendered":"https:\/\/blogdoedvaldomagalhaes.com.br\/?p=72917"},"modified":"2021-08-05T14:03:04","modified_gmt":"2021-08-05T17:03:04","slug":"motorista-perde-controle-da-direcao-e-tomba-caminhao-na-br-232-em-caruaru","status":"publish","type":"post","link":"https:\/\/blogdoedvaldomagalhaes.com.br\/index.php\/2021\/08\/05\/motorista-perde-controle-da-direcao-e-tomba-caminhao-na-br-232-em-caruaru\/","title":{"rendered":"Motorista perde controle da dire\u00e7\u00e3o e tomba caminh\u00e3o na BR 232 em Caruaru"},"content":{"rendered":"<p style=\"text-align: justify;\">O acidente ocorreu por volta das 12h15, desta quinta-feira (05), no Km 129,1 da BR 232, em Caruaru.<\/p>\n<p style=\"text-align: justify;\">O motorista de um caminh\u00e3o perdeu o controle do ve\u00edculo e tombou no canteiro central. N<span style=\"font-size: inherit;\">ingu\u00e9m ficou ferido.<\/span><\/p>\n<p style=\"text-align: justify;\">O motorista realizou o teste do baf\u00f4metro e o resultado foi normal.<\/p>\n\n\n<figure class=\"wp-block-image size-large\"><img loading=\"lazy\" decoding=\"async\" width=\"1024\" height=\"768\" src=\"https:\/\/blogdoedvaldomagalhaes.com.br\/wp-content\/uploads\/2021\/08\/IMG-20210805-WA0173-1024x768.jpg\" alt=\"\" class=\"wp-image-72919\" srcset=\"https:\/\/blogdoedvaldomagalhaes.com.br\/wp-content\/uploads\/2021\/08\/IMG-20210805-WA0173-1024x768.jpg 1024w, https:\/\/blogdoedvaldomagalhaes.com.br\/wp-content\/uploads\/2021\/08\/IMG-20210805-WA0173-300x225.jpg 300w, https:\/\/blogdoedvaldomagalhaes.com.br\/wp-content\/uploads\/2021\/08\/IMG-20210805-WA0173-768x576.jpg 768w, https:\/\/blogdoedvaldomagalhaes.com.br\/wp-content\/uploads\/2021\/08\/IMG-20210805-WA0173-160x120.jpg 160w, https:\/\/blogdoedvaldomagalhaes.com.br\/wp-content\/uploads\/2021\/08\/IMG-20210805-WA0173.jpg 1152w\" sizes=\"auto, (max-width: 1024px) 100vw, 1024px\" \/><figcaption>Fotos: PRF\/Divulga\u00e7\u00e3o<\/figcaption><\/figure>\n","protected":false},"excerpt":{"rendered":"<p>O acidente ocorreu por volta das 12h15, desta quinta-feira (05), no Km 129,1 da BR 232, em Caruaru. O motorista&hellip;<\/p>\n","protected":false},"author":1,"featured_media":72918,"comment_status":"open","ping_status":"open","sticky":false,"template":"","format":"standard","meta":{"footnotes":""},"categories":[14120],"tags":[14276,2,19532,22373,1950],"class_list":["post-72917","post","type-post","status-publish","format-standard","has-post-thumbnail","hentry","category-noticias","tag-acidente","tag-blog-do-edvaldo-magalhaes","tag-blog-mais-acessado-e-visualizado-de-caruaru-e-regiao","tag-motorista-perde-controle-da-direcao-e-tomba-caminhao-na-br-232-em-caruaru","tag-noticias-de-caruaru"],"_links":{"self":[{"href":"https:\/\/blogdoedvaldomagalhaes.com.br\/index.php\/wp-json\/wp\/v2\/posts\/72917","targetHints":{"allow":["GET"]}}],"collection":[{"href":"https:\/\/blogdoedvaldomagalhaes.com.br\/index.php\/wp-json\/wp\/v2\/posts"}],"about":[{"href":"https:\/\/blogdoedvaldomagalhaes.com.br\/index.php\/wp-json\/wp\/v2\/types\/post"}],"author":[{"embeddable":true,"href":"https:\/\/blogdoedvaldomagalhaes.com.br\/index.php\/wp-json\/wp\/v2\/users\/1"}],"replies":[{"embeddable":true,"href":"https:\/\/blogdoedvaldomagalhaes.com.br\/index.php\/wp-json\/wp\/v2\/comments?post=72917"}],"version-history":[{"count":1,"href":"https:\/\/blogdoedvaldomagalhaes.com.br\/index.php\/wp-json\/wp\/v2\/posts\/72917\/revisions"}],"predecessor-version":[{"id":72920,"href":"https:\/\/blogdoedvaldomagalhaes.com.br\/index.php\/wp-json\/wp\/v2\/posts\/72917\/revisions\/72920"}],"wp:featuredmedia":[{"embeddable":true,"href":"https:\/\/blogdoedvaldomagalhaes.com.br\/index.php\/wp-json\/wp\/v2\/media\/72918"}],"wp:attachment":[{"href":"https:\/\/blogdoedvaldomagalhaes.com.br\/index.php\/wp-json\/wp\/v2\/media?parent=72917"}],"wp:term":[{"taxonomy":"category","embeddable":true,"href":"https:\/\/blogdoedvaldomagalhaes.com.br\/index.php\/wp-json\/wp\/v2\/categories?post=72917"},{"taxonomy":"post_tag","embeddable":true,"href":"https:\/\/blogdoedvaldomagalhaes.com.br\/index.php\/wp-json\/wp\/v2\/tags?post=72917"}],"curies":[{"name":"wp","href":"https:\/\/api.w.org\/{rel}","templated":true}]}}