{"id":72914,"date":"2021-08-05T12:55:32","date_gmt":"2021-08-05T15:55:32","guid":{"rendered":"https:\/\/blogdoedvaldomagalhaes.com.br\/?p=72914"},"modified":"2021-08-05T12:55:34","modified_gmt":"2021-08-05T15:55:34","slug":"faculdade-senac-oferece-vagas-gratuitas-para-a-terceira-idade","status":"publish","type":"post","link":"https:\/\/blogdoedvaldomagalhaes.com.br\/index.php\/2021\/08\/05\/faculdade-senac-oferece-vagas-gratuitas-para-a-terceira-idade\/","title":{"rendered":"Faculdade Senac oferece vagas gratuitas para a terceira idade"},"content":{"rendered":"<p style=\"text-align: justify;\"><span style=\"font-size: inherit;\">Integrar a terceira idade por meio do desenvolvimento educacional e sociocultural \u00e9 a proposta do programa Faculdade Aberta \u00e0 Terceira Idade (Fati), da Faculdade Senac Pernambuco, que abriu novas vagas nesta segunda (2). Ao todo, s\u00e3o 77 vagas gratuitas disponibilizadas para idosos em 20 disciplinas de nove cursos de gradua\u00e7\u00e3o e p\u00f3s-gradua\u00e7\u00e3o da institui\u00e7\u00e3o em no Recife e nas suas unidades vinculadas em Caruaru e Petrolina.<\/span><\/p>\n<p style=\"text-align: justify;\">O p\u00fablico-alvo \u00e9 de idosos com idade m\u00ednima de 60 anos e Ensino M\u00e9dio completo. Eles poder\u00e3o escolher, de acordo com a oferta de cada munic\u00edpio (ver servi\u00e7o abaixo), entre disciplinas dos cursos gradua\u00e7\u00e3o em Administra\u00e7\u00e3o, Gest\u00e3o de Recursos Humanos, Gest\u00e3o Comercial, Design de Moda, Design de Interiores, Est\u00e9tica e Cosm\u00e9tica, An\u00e1lise e Desenvolvimento de Sistemas, Gastronomia e das p\u00f3s-gradua\u00e7\u00f5es em Cozinha Internacional e Modelagem e Cria\u00e7\u00e3o. Os componentes curriculares t\u00eam cargas-hor\u00e1rias de 15h a 80h e ser\u00e3o realizados nas modalidades de aulas remotas, h\u00edbridas ou presenciais, a depender da disciplina escolhida.<\/p>\n<p style=\"text-align: justify;\">*Calend\u00e1rio e sele\u00e7\u00e3o* &#8211; A sele\u00e7\u00e3o se dar\u00e1 por tr\u00eas etapas: na primeira, os candidatos devem realizar inscri\u00e7\u00e3o pelo endere\u00e7o www.faculdadesenacpe.edu.br\/processo-seletivo\/fati. Em seguida, dever\u00e3o encaminhar para os e-mails dispon\u00edveis no edital as vers\u00f5es digitalizadas da documenta\u00e7\u00e3o pedida: CPF frente e verso, RG frente e verso, comprovante de resid\u00eancia e ficha 19 ou certificado de conclus\u00e3o do Ensino M\u00e9dio. Na \u00faltima etapa, os candidatos passar\u00e3o por uma entrevista remota. As inscri\u00e7\u00f5es poder\u00e3o ser realizadas at\u00e9 a pr\u00f3xima sexta-feira (6).<\/p>\n<p style=\"text-align: justify;\">Mais informa\u00e7\u00f5es podem ser obtidas pelos telefones 0800.081.1688 (Recife), (81) 3727.8259\/8260 (Caruaru) ou (87) 3983.7626 (Petrolina).<\/p>\n<p style=\"text-align: justify;\">Lista de disciplinas por cidade e n\u00famero de vagas<\/p>\n<p style=\"text-align: justify;\">Caruaru:<br \/>\nDesign, Cultura e Sociedade (2)<br \/>\nGest\u00e3o de Pessoas (2)<br \/>\nGest\u00e3o de Varejo (2)<br \/>\nHigiene e Seguran\u00e7a Alimentar 4)<br \/>\nHist\u00f3ria da Gastronomia (4)<br \/>\nMarketing de Servi\u00e7os (2)<br \/>\nProjeto de Figurino (2)<\/p>\n<p style=\"text-align: justify;\">Recife:<br \/>\nCoding: algoritmo e estrutura de dados (3)<br \/>\nConfeitaria Internacional (2)<br \/>\nConforto Ambiental e Luminot\u00e9cnica (2)<br \/>\nCozinha Francesa (2)<br \/>\nEmpreendedorismo e Inova\u00e7\u00e3o (5)<br \/>\nEstrutura e Funcionamento do Corpo Humano II (1)<br \/>\nGest\u00e3o de Marketing (5)<br \/>\nHigiene e Seguran\u00e7a Alimentar (4)<br \/>\nHist\u00f3ria da Gastronomia (4)<br \/>\nLideran\u00e7a e Desenvolvimento de Equipes (5)<br \/>\nModelagem e Cria\u00e7\u00e3o (2)<br \/>\nNutri\u00e7\u00e3o e Diet\u00e9tica(4)<br \/>\nT\u00e9cnicas de Massagem (1)<br \/>\nTecnologia da Confec\u00e7\u00e3o (2)<br \/>\nTreinamento e Desenvolvimento (5)<\/p>\n<p style=\"text-align: justify;\">Petrolina:<br \/>\nGest\u00e3o de Pessoas (2)<br \/>\nHigiene e Seguran\u00e7a Alimentar (4)<br \/>\nHist\u00f3ria da Gastronomia (4)<br \/>\nMarketing de Servi\u00e7os (2)<\/p>\n","protected":false},"excerpt":{"rendered":"<p>Integrar a terceira idade por meio do desenvolvimento educacional e sociocultural \u00e9 a proposta do programa Faculdade Aberta \u00e0 Terceira&hellip;<\/p>\n","protected":false},"author":1,"featured_media":72915,"comment_status":"open","ping_status":"open","sticky":false,"template":"","format":"standard","meta":{"footnotes":""},"categories":[14120],"tags":[2,19532,22372,1950],"class_list":["post-72914","post","type-post","status-publish","format-standard","has-post-thumbnail","hentry","category-noticias","tag-blog-do-edvaldo-magalhaes","tag-blog-mais-acessado-e-visualizado-de-caruaru-e-regiao","tag-faculdade-senac-oferece-vagas-gratuitas-para-a-terceira-idade","tag-noticias-de-caruaru"],"_links":{"self":[{"href":"https:\/\/blogdoedvaldomagalhaes.com.br\/index.php\/wp-json\/wp\/v2\/posts\/72914","targetHints":{"allow":["GET"]}}],"collection":[{"href":"https:\/\/blogdoedvaldomagalhaes.com.br\/index.php\/wp-json\/wp\/v2\/posts"}],"about":[{"href":"https:\/\/blogdoedvaldomagalhaes.com.br\/index.php\/wp-json\/wp\/v2\/types\/post"}],"author":[{"embeddable":true,"href":"https:\/\/blogdoedvaldomagalhaes.com.br\/index.php\/wp-json\/wp\/v2\/users\/1"}],"replies":[{"embeddable":true,"href":"https:\/\/blogdoedvaldomagalhaes.com.br\/index.php\/wp-json\/wp\/v2\/comments?post=72914"}],"version-history":[{"count":1,"href":"https:\/\/blogdoedvaldomagalhaes.com.br\/index.php\/wp-json\/wp\/v2\/posts\/72914\/revisions"}],"predecessor-version":[{"id":72916,"href":"https:\/\/blogdoedvaldomagalhaes.com.br\/index.php\/wp-json\/wp\/v2\/posts\/72914\/revisions\/72916"}],"wp:featuredmedia":[{"embeddable":true,"href":"https:\/\/blogdoedvaldomagalhaes.com.br\/index.php\/wp-json\/wp\/v2\/media\/72915"}],"wp:attachment":[{"href":"https:\/\/blogdoedvaldomagalhaes.com.br\/index.php\/wp-json\/wp\/v2\/media?parent=72914"}],"wp:term":[{"taxonomy":"category","embeddable":true,"href":"https:\/\/blogdoedvaldomagalhaes.com.br\/index.php\/wp-json\/wp\/v2\/categories?post=72914"},{"taxonomy":"post_tag","embeddable":true,"href":"https:\/\/blogdoedvaldomagalhaes.com.br\/index.php\/wp-json\/wp\/v2\/tags?post=72914"}],"curies":[{"name":"wp","href":"https:\/\/api.w.org\/{rel}","templated":true}]}}