{"id":72910,"date":"2021-08-05T11:45:52","date_gmt":"2021-08-05T14:45:52","guid":{"rendered":"https:\/\/blogdoedvaldomagalhaes.com.br\/?p=72910"},"modified":"2021-08-05T12:49:10","modified_gmt":"2021-08-05T15:49:10","slug":"operacao-da-pf-desarticula-e-prender-principais-integrantes-de-organizacao-criminosa-em-pernambuco","status":"publish","type":"post","link":"https:\/\/blogdoedvaldomagalhaes.com.br\/index.php\/2021\/08\/05\/operacao-da-pf-desarticula-e-prender-principais-integrantes-de-organizacao-criminosa-em-pernambuco\/","title":{"rendered":"Opera\u00e7\u00e3o da PF desarticula e prende principais integrantes de organiza\u00e7\u00e3o criminosa em Pernambuco"},"content":{"rendered":"<p style=\"text-align: justify;\">A Policia Federal em Pernambuco deflagrou, na manh\u00e3 desta quinta-feira (05), a Opera\u00e7\u00e3o Carrossel, na Regi\u00e3o Metropolitana do Recife, principalmente no munic\u00edpio de Paulista. O objetivo \u00e9 desarticular e prender os principais integrantes de uma organiza\u00e7\u00e3o criminosa respons\u00e1vel pelo tr\u00e1fico de drogas e arma.<\/p>\n<p style=\"text-align: justify;\">A investiga\u00e7\u00e3o teve in\u00edcio em julho de 2020. Foram cumpridos 13 mandados de Pris\u00e3o Preventiva e 7 Mandados de busca e Apreens\u00e3o nas cidades de Olinda, Recife, Paulista e Feira Nova. Alguns desses principais l\u00edderes j\u00e1 se encontram presos em estabelecimentos prisionais. A opera\u00e7\u00e3o contou com o apoio da Secretaria Executiva de Ressocializa\u00e7\u00e3o-SERES no cumprimento de mandados.<\/p>\n<p style=\"text-align: justify;\">Os presos ser\u00e3o levados para a Sede da Pol\u00edcia Federal para serem indiciados. Eles v\u00e3o responder de acordo com o seu grau de participa\u00e7\u00e3o e envolvimento no esquema criminoso. Os crimes que lhe s\u00e3o atribu\u00eddos s\u00e3o tr\u00e1fico de drogas e armas e organiza\u00e7\u00e3o criminosa, cujas penas podem ultrapassar 20 anos de reclus\u00e3o.<\/p>\n","protected":false},"excerpt":{"rendered":"<p>A Policia Federal em Pernambuco deflagrou, na manh\u00e3 desta quinta-feira (05), a Opera\u00e7\u00e3o Carrossel, na Regi\u00e3o Metropolitana do Recife, principalmente&hellip;<\/p>\n","protected":false},"author":1,"featured_media":72911,"comment_status":"open","ping_status":"open","sticky":false,"template":"","format":"standard","meta":{"footnotes":""},"categories":[14121],"tags":[2,19532,1950,22371],"class_list":["post-72910","post","type-post","status-publish","format-standard","has-post-thumbnail","hentry","category-policial","tag-blog-do-edvaldo-magalhaes","tag-blog-mais-acessado-e-visualizado-de-caruaru-e-regiao","tag-noticias-de-caruaru","tag-operacao-da-pf-desarticula-e-prender-principais-integrantes-de-organizacao-criminosa-em-pernambuco"],"_links":{"self":[{"href":"https:\/\/blogdoedvaldomagalhaes.com.br\/index.php\/wp-json\/wp\/v2\/posts\/72910","targetHints":{"allow":["GET"]}}],"collection":[{"href":"https:\/\/blogdoedvaldomagalhaes.com.br\/index.php\/wp-json\/wp\/v2\/posts"}],"about":[{"href":"https:\/\/blogdoedvaldomagalhaes.com.br\/index.php\/wp-json\/wp\/v2\/types\/post"}],"author":[{"embeddable":true,"href":"https:\/\/blogdoedvaldomagalhaes.com.br\/index.php\/wp-json\/wp\/v2\/users\/1"}],"replies":[{"embeddable":true,"href":"https:\/\/blogdoedvaldomagalhaes.com.br\/index.php\/wp-json\/wp\/v2\/comments?post=72910"}],"version-history":[{"count":2,"href":"https:\/\/blogdoedvaldomagalhaes.com.br\/index.php\/wp-json\/wp\/v2\/posts\/72910\/revisions"}],"predecessor-version":[{"id":72913,"href":"https:\/\/blogdoedvaldomagalhaes.com.br\/index.php\/wp-json\/wp\/v2\/posts\/72910\/revisions\/72913"}],"wp:featuredmedia":[{"embeddable":true,"href":"https:\/\/blogdoedvaldomagalhaes.com.br\/index.php\/wp-json\/wp\/v2\/media\/72911"}],"wp:attachment":[{"href":"https:\/\/blogdoedvaldomagalhaes.com.br\/index.php\/wp-json\/wp\/v2\/media?parent=72910"}],"wp:term":[{"taxonomy":"category","embeddable":true,"href":"https:\/\/blogdoedvaldomagalhaes.com.br\/index.php\/wp-json\/wp\/v2\/categories?post=72910"},{"taxonomy":"post_tag","embeddable":true,"href":"https:\/\/blogdoedvaldomagalhaes.com.br\/index.php\/wp-json\/wp\/v2\/tags?post=72910"}],"curies":[{"name":"wp","href":"https:\/\/api.w.org\/{rel}","templated":true}]}}