{"id":72904,"date":"2021-08-05T11:16:45","date_gmt":"2021-08-05T14:16:45","guid":{"rendered":"https:\/\/blogdoedvaldomagalhaes.com.br\/?p=72904"},"modified":"2021-08-05T11:16:46","modified_gmt":"2021-08-05T14:16:46","slug":"meio-ambiente-sera-tema-de-audiencia-publica-em-caruaru","status":"publish","type":"post","link":"https:\/\/blogdoedvaldomagalhaes.com.br\/index.php\/2021\/08\/05\/meio-ambiente-sera-tema-de-audiencia-publica-em-caruaru\/","title":{"rendered":"Meio ambiente ser\u00e1 tema de audi\u00eancia p\u00fablica em Caruaru"},"content":{"rendered":"<p style=\"text-align: justify;\"><span style=\"font-size: inherit;\">Na pr\u00f3xima quarta-feira (11) acontecer\u00e1 Audi\u00eancia P\u00fablica sobre Meio Ambiente e Qualidade de Vida, uma propositura do vereador e ambientalista Jorge Quintino.<\/span><\/p>\n<p style=\"text-align: justify;\">O propositor, possui vasta experi\u00eancia na pauta ambiental, j\u00e1 que ocupou cargos como presidente do CONDEMA e diretor de meio ambiente municipal.<\/p>\n<p style=\"text-align: justify;\">A Audi\u00eancia abrir\u00e1 espa\u00e7o para um debate sobre os principais \u201cgargalos\u201d ambientais existentes em Caruaru.<\/p>\n<p style=\"text-align: justify;\">\u201cSer\u00e3o discutidas as consequ\u00eancias da requalifica\u00e7\u00e3o do no novo Plano Diretor para as quest\u00f5es ambientais; tamb\u00e9m abordaremos a nova formata\u00e7\u00e3o do CONDEMA; os avan\u00e7os existentes em Serra dos Cavalos e claro, discutiremos o nosso Rio Ipojuca\u201d, disse o parlamentar.<\/p>\n<p style=\"text-align: justify;\">A Audi\u00eancia P\u00fablica contar\u00e1 com a participa\u00e7\u00e3o da Secretaria de Servi\u00e7os P\u00fablicos, do Minist\u00e9rio P\u00fablico, de Ambientalistas e representantes do Rio Ipojuca.<\/p>\n<p style=\"text-align: justify;\">A Sess\u00e3o, acontecer\u00e1 de forma h\u00edbrida, ou seja, os convidados estar\u00e3o presentes ou de forma remota e ser\u00e3o transmitidos pelas redes sociais (Facebook e Youtube) do Poder Legislativo de Caruaru e, TV C\u00e2mara &#8211; Canal 22.2.<\/p>\n","protected":false},"excerpt":{"rendered":"<p>Na pr\u00f3xima quarta-feira (11) acontecer\u00e1 Audi\u00eancia P\u00fablica sobre Meio Ambiente e Qualidade de Vida, uma propositura do vereador e ambientalista&hellip;<\/p>\n","protected":false},"author":1,"featured_media":72905,"comment_status":"open","ping_status":"open","sticky":false,"template":"","format":"standard","meta":{"footnotes":""},"categories":[14122],"tags":[2,19532,9899,22369,1950],"class_list":["post-72904","post","type-post","status-publish","format-standard","has-post-thumbnail","hentry","category-politica","tag-blog-do-edvaldo-magalhaes","tag-blog-mais-acessado-e-visualizado-de-caruaru-e-regiao","tag-jorge-quintino","tag-meio-ambiente-sera-tema-de-audiencia-publica-em-caruaru","tag-noticias-de-caruaru"],"_links":{"self":[{"href":"https:\/\/blogdoedvaldomagalhaes.com.br\/index.php\/wp-json\/wp\/v2\/posts\/72904","targetHints":{"allow":["GET"]}}],"collection":[{"href":"https:\/\/blogdoedvaldomagalhaes.com.br\/index.php\/wp-json\/wp\/v2\/posts"}],"about":[{"href":"https:\/\/blogdoedvaldomagalhaes.com.br\/index.php\/wp-json\/wp\/v2\/types\/post"}],"author":[{"embeddable":true,"href":"https:\/\/blogdoedvaldomagalhaes.com.br\/index.php\/wp-json\/wp\/v2\/users\/1"}],"replies":[{"embeddable":true,"href":"https:\/\/blogdoedvaldomagalhaes.com.br\/index.php\/wp-json\/wp\/v2\/comments?post=72904"}],"version-history":[{"count":1,"href":"https:\/\/blogdoedvaldomagalhaes.com.br\/index.php\/wp-json\/wp\/v2\/posts\/72904\/revisions"}],"predecessor-version":[{"id":72906,"href":"https:\/\/blogdoedvaldomagalhaes.com.br\/index.php\/wp-json\/wp\/v2\/posts\/72904\/revisions\/72906"}],"wp:featuredmedia":[{"embeddable":true,"href":"https:\/\/blogdoedvaldomagalhaes.com.br\/index.php\/wp-json\/wp\/v2\/media\/72905"}],"wp:attachment":[{"href":"https:\/\/blogdoedvaldomagalhaes.com.br\/index.php\/wp-json\/wp\/v2\/media?parent=72904"}],"wp:term":[{"taxonomy":"category","embeddable":true,"href":"https:\/\/blogdoedvaldomagalhaes.com.br\/index.php\/wp-json\/wp\/v2\/categories?post=72904"},{"taxonomy":"post_tag","embeddable":true,"href":"https:\/\/blogdoedvaldomagalhaes.com.br\/index.php\/wp-json\/wp\/v2\/tags?post=72904"}],"curies":[{"name":"wp","href":"https:\/\/api.w.org\/{rel}","templated":true}]}}