{"id":72901,"date":"2021-08-04T22:31:39","date_gmt":"2021-08-05T01:31:39","guid":{"rendered":"https:\/\/blogdoedvaldomagalhaes.com.br\/?p=72901"},"modified":"2021-08-04T22:31:40","modified_gmt":"2021-08-05T01:31:40","slug":"central-de-caruaru-tera-eleicao-para-escolha-da-nova-diretoria-em-setembro","status":"publish","type":"post","link":"https:\/\/blogdoedvaldomagalhaes.com.br\/index.php\/2021\/08\/04\/central-de-caruaru-tera-eleicao-para-escolha-da-nova-diretoria-em-setembro\/","title":{"rendered":"Central de Caruaru ter\u00e1 elei\u00e7\u00e3o para escolha da nova diretoria em setembro"},"content":{"rendered":"<p style=\"text-align: justify;\">O Conselho Deliberativo do Central Sport Clube, se reuniu na noite desta quarta-feira (04), e definindoe oficializando a data das elei\u00e7\u00f5es, que v\u00e3o acontecer na tarde do dia<span style=\"font-size: inherit;\"> 15 de setembro, feriado municipal, dia da Padroeira de Caruaru, Nossa Senhora das Dores.<\/span><\/p>\n<p style=\"text-align: justify;\">O registro das chapas ser\u00e1 at\u00e9 o pr\u00f3ximo dia 20 de agosto.<\/p>\n<p style=\"text-align: justify;\">Do Giro dos Esportes.<\/p>\n","protected":false},"excerpt":{"rendered":"<p>O Conselho Deliberativo do Central Sport Clube, se reuniu na noite desta quarta-feira (04), e definindoe oficializando a data das&hellip;<\/p>\n","protected":false},"author":1,"featured_media":72902,"comment_status":"open","ping_status":"open","sticky":false,"template":"","format":"standard","meta":{"footnotes":""},"categories":[14123],"tags":[2,19532,22368,12217,1950],"class_list":["post-72901","post","type-post","status-publish","format-standard","has-post-thumbnail","hentry","category-futebol","tag-blog-do-edvaldo-magalhaes","tag-blog-mais-acessado-e-visualizado-de-caruaru-e-regiao","tag-central-de-caruaru-tera-eleicao-para-escolha-da-nova-diretoria-em-setembro","tag-central-sport-clube","tag-noticias-de-caruaru"],"_links":{"self":[{"href":"https:\/\/blogdoedvaldomagalhaes.com.br\/index.php\/wp-json\/wp\/v2\/posts\/72901","targetHints":{"allow":["GET"]}}],"collection":[{"href":"https:\/\/blogdoedvaldomagalhaes.com.br\/index.php\/wp-json\/wp\/v2\/posts"}],"about":[{"href":"https:\/\/blogdoedvaldomagalhaes.com.br\/index.php\/wp-json\/wp\/v2\/types\/post"}],"author":[{"embeddable":true,"href":"https:\/\/blogdoedvaldomagalhaes.com.br\/index.php\/wp-json\/wp\/v2\/users\/1"}],"replies":[{"embeddable":true,"href":"https:\/\/blogdoedvaldomagalhaes.com.br\/index.php\/wp-json\/wp\/v2\/comments?post=72901"}],"version-history":[{"count":1,"href":"https:\/\/blogdoedvaldomagalhaes.com.br\/index.php\/wp-json\/wp\/v2\/posts\/72901\/revisions"}],"predecessor-version":[{"id":72903,"href":"https:\/\/blogdoedvaldomagalhaes.com.br\/index.php\/wp-json\/wp\/v2\/posts\/72901\/revisions\/72903"}],"wp:featuredmedia":[{"embeddable":true,"href":"https:\/\/blogdoedvaldomagalhaes.com.br\/index.php\/wp-json\/wp\/v2\/media\/72902"}],"wp:attachment":[{"href":"https:\/\/blogdoedvaldomagalhaes.com.br\/index.php\/wp-json\/wp\/v2\/media?parent=72901"}],"wp:term":[{"taxonomy":"category","embeddable":true,"href":"https:\/\/blogdoedvaldomagalhaes.com.br\/index.php\/wp-json\/wp\/v2\/categories?post=72901"},{"taxonomy":"post_tag","embeddable":true,"href":"https:\/\/blogdoedvaldomagalhaes.com.br\/index.php\/wp-json\/wp\/v2\/tags?post=72901"}],"curies":[{"name":"wp","href":"https:\/\/api.w.org\/{rel}","templated":true}]}}