{"id":7290,"date":"2016-12-22T22:39:00","date_gmt":"2016-12-23T00:39:00","guid":{"rendered":"http:\/\/blogdoedvaldomagalhaes.com.br\/index.php\/2016\/12\/22\/padre-alexsandro-comemora-2-aniversario\/"},"modified":"2019-02-09T01:11:16","modified_gmt":"2019-02-09T03:11:16","slug":"padre-alexsandro-comemora-2-aniversario","status":"publish","type":"post","link":"https:\/\/blogdoedvaldomagalhaes.com.br\/index.php\/2016\/12\/22\/padre-alexsandro-comemora-2-aniversario\/","title":{"rendered":"Padre Alexsandro comemora 2\u00ba anivers\u00e1rio de Ordena\u00e7\u00e3o Sacerdotal"},"content":{"rendered":"<div class=\"separator\" style=\"clear: both; text-align: center;\">\n<a href=\"https:\/\/4.bp.blogspot.com\/-i3wYtntuSR8\/WFxUy4XQvlI\/AAAAAAAAMLE\/M839MmmoiUgZXouMxdMVJ7585pLcp9sIQCLcB\/s1600\/padrfe.jpg\" imageanchor=\"1\" style=\"margin-left: 1em; margin-right: 1em;\"><img loading=\"lazy\" decoding=\"async\" border=\"0\" height=\"225\" src=\"http:\/\/blogdoedvaldomagalhaes.com.br\/wp-content\/uploads\/2016\/12\/padrfe.jpg\" width=\"400\" \/><\/a><\/div>\n<div class=\"separator\" style=\"clear: both; text-align: center;\">\n<\/div>\n<div class=\"separator\" style=\"clear: both; text-align: justify;\">\nO Padre Alexsandro Jorge da Silva comemora dois anos de Ordena\u00e7\u00e3o Sacerdotal, nesta sexta-feira (23). Padre Alexsandro vai celebrar a Santa Missa em A\u00e7\u00e3o de Gra\u00e7as, na Igreja Nossa Senhora das Gra\u00e7as, no bairro Cidade Jardim, \u00e0s 19h30, e convida a todos para participarem da celebra\u00e7\u00e3o.&nbsp;<\/div>\n<p><\/p>\n","protected":false},"excerpt":{"rendered":"<p>O Padre Alexsandro Jorge da Silva comemora dois anos de Ordena\u00e7\u00e3o Sacerdotal, nesta sexta-feira (23). Padre Alexsandro vai celebrar a&hellip;<\/p>\n","protected":false},"author":1,"featured_media":0,"comment_status":"open","ping_status":"open","sticky":false,"template":"","format":"standard","meta":{"footnotes":""},"categories":[1],"tags":[547,2,10159,6,10183],"class_list":["post-7290","post","type-post","status-publish","format-standard","hentry","category-sem-categoria","tag-bairro-cidade-jardim","tag-blog-do-edvaldo-magalhaes","tag-igreja-nossa-senhora-das-gracas","tag-noticias","tag-padre-alexsandro-comemora-2o-aniversario-de-ordenacao-sacerdotal"],"_links":{"self":[{"href":"https:\/\/blogdoedvaldomagalhaes.com.br\/index.php\/wp-json\/wp\/v2\/posts\/7290","targetHints":{"allow":["GET"]}}],"collection":[{"href":"https:\/\/blogdoedvaldomagalhaes.com.br\/index.php\/wp-json\/wp\/v2\/posts"}],"about":[{"href":"https:\/\/blogdoedvaldomagalhaes.com.br\/index.php\/wp-json\/wp\/v2\/types\/post"}],"author":[{"embeddable":true,"href":"https:\/\/blogdoedvaldomagalhaes.com.br\/index.php\/wp-json\/wp\/v2\/users\/1"}],"replies":[{"embeddable":true,"href":"https:\/\/blogdoedvaldomagalhaes.com.br\/index.php\/wp-json\/wp\/v2\/comments?post=7290"}],"version-history":[{"count":1,"href":"https:\/\/blogdoedvaldomagalhaes.com.br\/index.php\/wp-json\/wp\/v2\/posts\/7290\/revisions"}],"predecessor-version":[{"id":15350,"href":"https:\/\/blogdoedvaldomagalhaes.com.br\/index.php\/wp-json\/wp\/v2\/posts\/7290\/revisions\/15350"}],"wp:attachment":[{"href":"https:\/\/blogdoedvaldomagalhaes.com.br\/index.php\/wp-json\/wp\/v2\/media?parent=7290"}],"wp:term":[{"taxonomy":"category","embeddable":true,"href":"https:\/\/blogdoedvaldomagalhaes.com.br\/index.php\/wp-json\/wp\/v2\/categories?post=7290"},{"taxonomy":"post_tag","embeddable":true,"href":"https:\/\/blogdoedvaldomagalhaes.com.br\/index.php\/wp-json\/wp\/v2\/tags?post=7290"}],"curies":[{"name":"wp","href":"https:\/\/api.w.org\/{rel}","templated":true}]}}