{"id":7289,"date":"2016-12-22T22:57:00","date_gmt":"2016-12-23T00:57:00","guid":{"rendered":"http:\/\/blogdoedvaldomagalhaes.com.br\/index.php\/2016\/12\/22\/homicidio-no-inicio-da-noite-desta\/"},"modified":"2019-02-09T01:11:22","modified_gmt":"2019-02-09T03:11:22","slug":"homicidio-no-inicio-da-noite-desta","status":"publish","type":"post","link":"https:\/\/blogdoedvaldomagalhaes.com.br\/index.php\/2016\/12\/22\/homicidio-no-inicio-da-noite-desta\/","title":{"rendered":"Homic\u00eddio no in\u00edcio da noite desta quinta-feira em Caruaru"},"content":{"rendered":"<div class=\"separator\" style=\"clear: both; text-align: center;\">\n<a href=\"https:\/\/1.bp.blogspot.com\/-pC4GfayRfS0\/WFxY3-dsdRI\/AAAAAAAAMLQ\/tn1bQO-FeSkAn6tE0v5klx3UgDUrH8XnwCLcB\/s1600\/morte.jpg\" imageanchor=\"1\" style=\"margin-left: 1em; margin-right: 1em;\"><img loading=\"lazy\" decoding=\"async\" border=\"0\" height=\"400\" src=\"http:\/\/blogdoedvaldomagalhaes.com.br\/wp-content\/uploads\/2016\/12\/morte.jpg\" width=\"225\" \/><\/a><\/div>\n<div class=\"separator\" style=\"clear: both; text-align: center;\">\nFotos: Reprodu\u00e7\u00e3o\/WhatsApp<\/div>\n<div class=\"separator\" style=\"clear: both; text-align: center;\">\n<a href=\"https:\/\/2.bp.blogspot.com\/-zk5PBv7WN9s\/WFyFysdQ_UI\/AAAAAAAAMLk\/DMvXEu2WtcQuWZPZHIK_nJmjHhziaQLswCLcB\/s1600\/crime%2B1.jpg\" imageanchor=\"1\" style=\"margin-left: 1em; margin-right: 1em;\"><img loading=\"lazy\" decoding=\"async\" border=\"0\" height=\"238\" src=\"http:\/\/blogdoedvaldomagalhaes.com.br\/wp-content\/uploads\/2016\/12\/crime1.jpg\" width=\"400\" \/><\/a><\/div>\n<p><\/p>\n<div class=\"separator\" style=\"clear: both; text-align: center;\">\n<a href=\"https:\/\/1.bp.blogspot.com\/-Y5CAzFWrLpU\/WFyF0h7IKGI\/AAAAAAAAMLo\/WXe4eclo72oqKPHh9LoFxJU-IKHMEGUVgCLcB\/s1600\/crime%2B2.jpg\" imageanchor=\"1\" style=\"margin-left: 1em; margin-right: 1em;\"><img loading=\"lazy\" decoding=\"async\" border=\"0\" height=\"238\" src=\"http:\/\/blogdoedvaldomagalhaes.com.br\/wp-content\/uploads\/2016\/12\/crime2.jpg\" width=\"400\" \/><\/a><\/div>\n<p><\/p>\n<div class=\"separator\" style=\"clear: both; text-align: center;\">\n<a href=\"https:\/\/2.bp.blogspot.com\/-XR3q9lWi7BE\/WFyF2-1Ce0I\/AAAAAAAAMLs\/hOwMs-rh2wAY-PCEXAWWPpJvi3juBfHwwCLcB\/s1600\/crime%2B3.jpg\" imageanchor=\"1\" style=\"margin-left: 1em; margin-right: 1em;\"><img loading=\"lazy\" decoding=\"async\" border=\"0\" height=\"238\" src=\"http:\/\/blogdoedvaldomagalhaes.com.br\/wp-content\/uploads\/2016\/12\/crime3.jpg\" width=\"400\" \/><\/a><\/div>\n<p><\/p>\n<div class=\"separator\" style=\"clear: both; text-align: center;\">\n<a href=\"https:\/\/1.bp.blogspot.com\/-v1CBpJP-5ww\/WFyF4c1gBgI\/AAAAAAAAMLw\/56IFyzvSNgAz4-JG7h3bt3S7uCJzKHNRACLcB\/s1600\/crime.jpg\" imageanchor=\"1\" style=\"margin-left: 1em; margin-right: 1em;\"><img loading=\"lazy\" decoding=\"async\" border=\"0\" height=\"238\" src=\"http:\/\/blogdoedvaldomagalhaes.com.br\/wp-content\/uploads\/2016\/12\/crime.jpg\" width=\"400\" \/><\/a><\/div>\n<div class=\"separator\" style=\"clear: both; text-align: center;\">\n<\/div>\n<div class=\"separator\" style=\"clear: both; text-align: center;\">\n<a href=\"https:\/\/3.bp.blogspot.com\/-wDlzM8blP0k\/WFyOG8nLdjI\/AAAAAAAAMNA\/H1Bfwsef7t03QHdQTQ370oivlvBvHWxZQCLcB\/s1600\/crime.jpeg\" imageanchor=\"1\" style=\"margin-left: 1em; margin-right: 1em;\"><img loading=\"lazy\" decoding=\"async\" border=\"0\" height=\"400\" src=\"http:\/\/blogdoedvaldomagalhaes.com.br\/wp-content\/uploads\/2016\/12\/crime.jpeg\" width=\"330\" \/><\/a><\/div>\n<div class=\"separator\" style=\"clear: both; text-align: center;\">\n<\/div>\n<div class=\"separator\" style=\"clear: both; text-align: justify;\">\nUm homic\u00eddio foi registrado no in\u00edcio da noite desta quinta-feira (22), na 1\u00aa Travessa do Pac\u00edfico, na favela Bonan\u00e7a, no bairro Santa Rosa. A v\u00edtima foi &nbsp;ex-presidi\u00e1rio Pierre Cavalcante Freitas, 34 anos, que morava na rua Mariano Ricardo da Costa, no mesmo bairro, e era propriet\u00e1rio de um lava jato na rua em que morava.<\/div>\n<div class=\"separator\" style=\"clear: both; text-align: justify;\">\n<\/div>\n<div class=\"MsoNormal\" style=\"background-color: white; text-align: justify;\">\nO&nbsp;<b>agente Eduardo Bruce<\/b>, informou que a v\u00edtima era usu\u00e1ria de drogas e que possivelmente foi morta quando ia comprar o entorpecente e que o mesmo j\u00e1 foi preso por roubo e por ter se desentendido com a ex-esposa e foi processado na Lei Maria da Penha. Ele foi atingido com tr\u00eas tiros na face, um no pesco\u00e7o e um nas costas.<\/div>\n<div class=\"separator\" style=\"clear: both; text-align: justify;\">\n<\/div>\n<div class=\"separator\" style=\"clear: both; text-align: justify;\">\n<\/div>\n<div class=\"MsoNormal\" style=\"background-color: white; text-align: justify;\">\nEste foi o 11\u00ba assassinato do m\u00eas de dezembro e o 223\u00ba do ano de 2016 em Caruaru e o corpo da v\u00edtima foi encaminhado para o IML local.<\/div>\n","protected":false},"excerpt":{"rendered":"<p>Fotos: Reprodu\u00e7\u00e3o\/WhatsApp Um homic\u00eddio foi registrado no in\u00edcio da noite desta quinta-feira (22), na 1\u00aa Travessa do Pac\u00edfico, na favela&hellip;<\/p>\n","protected":false},"author":1,"featured_media":0,"comment_status":"open","ping_status":"open","sticky":false,"template":"","format":"standard","meta":{"footnotes":""},"categories":[1],"tags":[1970,2,10181,13,10182],"class_list":["post-7289","post","type-post","status-publish","format-standard","hentry","category-sem-categoria","tag-bairro-santa-rosa","tag-blog-do-edvaldo-magalhaes","tag-homicidio-no-inicio-da-noite-desta-quinta-feira-em-caruaru","tag-policial","tag-rua-do-indico"],"_links":{"self":[{"href":"https:\/\/blogdoedvaldomagalhaes.com.br\/index.php\/wp-json\/wp\/v2\/posts\/7289","targetHints":{"allow":["GET"]}}],"collection":[{"href":"https:\/\/blogdoedvaldomagalhaes.com.br\/index.php\/wp-json\/wp\/v2\/posts"}],"about":[{"href":"https:\/\/blogdoedvaldomagalhaes.com.br\/index.php\/wp-json\/wp\/v2\/types\/post"}],"author":[{"embeddable":true,"href":"https:\/\/blogdoedvaldomagalhaes.com.br\/index.php\/wp-json\/wp\/v2\/users\/1"}],"replies":[{"embeddable":true,"href":"https:\/\/blogdoedvaldomagalhaes.com.br\/index.php\/wp-json\/wp\/v2\/comments?post=7289"}],"version-history":[{"count":1,"href":"https:\/\/blogdoedvaldomagalhaes.com.br\/index.php\/wp-json\/wp\/v2\/posts\/7289\/revisions"}],"predecessor-version":[{"id":15357,"href":"https:\/\/blogdoedvaldomagalhaes.com.br\/index.php\/wp-json\/wp\/v2\/posts\/7289\/revisions\/15357"}],"wp:attachment":[{"href":"https:\/\/blogdoedvaldomagalhaes.com.br\/index.php\/wp-json\/wp\/v2\/media?parent=7289"}],"wp:term":[{"taxonomy":"category","embeddable":true,"href":"https:\/\/blogdoedvaldomagalhaes.com.br\/index.php\/wp-json\/wp\/v2\/categories?post=7289"},{"taxonomy":"post_tag","embeddable":true,"href":"https:\/\/blogdoedvaldomagalhaes.com.br\/index.php\/wp-json\/wp\/v2\/tags?post=7289"}],"curies":[{"name":"wp","href":"https:\/\/api.w.org\/{rel}","templated":true}]}}