{"id":72879,"date":"2021-08-04T20:55:14","date_gmt":"2021-08-04T23:55:14","guid":{"rendered":"https:\/\/blogdoedvaldomagalhaes.com.br\/?p=72879"},"modified":"2021-08-04T20:55:15","modified_gmt":"2021-08-04T23:55:15","slug":"pernambuco-ultrapassa-marca-de-520-mil-recuperados-da-covid-19","status":"publish","type":"post","link":"https:\/\/blogdoedvaldomagalhaes.com.br\/index.php\/2021\/08\/04\/pernambuco-ultrapassa-marca-de-520-mil-recuperados-da-covid-19\/","title":{"rendered":"Pernambuco ultrapassa marca de 520 mil recuperados da covid-19"},"content":{"rendered":"<p style=\"text-align: justify;\">A Secretaria Estadual de Sa\u00fade (SES-PE) registrou, nesta quarta-feira (04\/08), 738 casos da Covid-19. Entre os confirmados hoje, 83 (11%) s\u00e3o casos de S\u00edndrome Respirat\u00f3ria Aguda Grave (SRAG) e 655 (89%) s\u00e3o leves. Agora, Pernambuco totaliza 593.462 casos confirmados da doen\u00e7a, sendo 52.323 graves e 541.139 leves, que est\u00e3o distribu\u00eddos por todos os 184 munic\u00edpios pernambucanos, al\u00e9m do arquip\u00e9lago de Fernando de Noronha.<\/p>\n<p>Al\u00e9m disso, o boletim registra um total de 520.955 pacientes recuperados da doen\u00e7a. Destes, 30.743 eram pacientes graves, que necessitaram de internamento hospitalar, e 490.212 eram casos leves.<\/p>\n<p>Tamb\u00e9m foram confirmados laboratorialmente 42 novos \u00f3bitos (22 femininos e 20 masculinos), ocorridos entre os dias 12\/12\/2020 e 02\/08\/2021. As novas mortes s\u00e3o de pessoas residentes dos munic\u00edpios de Alian\u00e7a (1), Camaragibe (1), Iati (1), Jaboat\u00e3o dos Guararapes (5), Lagoa do Carro (1), Olinda (1), Ouricuri (2), Paulista (1), Pesqueira (1), Petrolina (1), Recife (24), S\u00e3o Louren\u00e7o da Mata (1), Timba\u00faba (1) e Tracunha\u00e9m (1). Com isso, o Estado totaliza 18.899 mortes pela doen\u00e7a.<\/p>\n<p>Os pacientes tinham idades entre 26 e 92 anos. As faixas et\u00e1rias s\u00e3o: 20 a 29 (1), 30 a 39 (1), 40 a 49 (6), 50 a 59 (14), 60 a 69 (10), 70 a 79 (3), 80 ou mais (7). Do total, 29 tinham doen\u00e7as preexistentes: diabetes (17), doen\u00e7a cardiovascular (16), obesidade (7), hipertens\u00e3o (6), doen\u00e7a respirat\u00f3ria (4), doen\u00e7a renal (4), c\u00e2ncer (3), imunossupress\u00e3o (1), Alzheimer (1), doen\u00e7a hep\u00e1tica (1), AVE (1), tabagismo (1) e etilismo (1) &#8211; um paciente pode ter mais de uma comorbidade. Dois n\u00e3o tinham comorbidades e os demais seguem em investiga\u00e7\u00e3o.<\/p>\n<p style=\"text-align: justify;\"><b>EXTERIOR &#8211;<\/b>\u00a0A Secretaria Estadual de Sa\u00fade (SESP-PE) pactuou, na \u00faltima segunda-feira (02\/08), em reuni\u00e3o com gestores municipais na Comiss\u00e3o Intergestores Bipartite (CIB) a vacina\u00e7\u00e3o contra a Covid-19 em estudantes, trabalhadores e pessoas com indica\u00e7\u00e3o de tratamento m\u00e9dico no exterior que precisam se deslocar para outros pa\u00edses que exigem a imuniza\u00e7\u00e3o para entrada de estrangeiros no territ\u00f3rio. A resolu\u00e7\u00e3o da pactua\u00e7\u00e3o, de N\u00ba 5525, deve ser publicada na edi\u00e7\u00e3o desta quinta-feira (05\/08) do Di\u00e1rio Oficial do Estado (DOE).<\/p>\n<p>Est\u00e3o inclusos no grupo estudantes e pesquisadores vinculados a institui\u00e7\u00f5es de ensino que realizar\u00e3o interc\u00e2mbio acad\u00eamico em outros pa\u00edses; pessoas que necessitem realizar tratamento de sa\u00fade com indica\u00e7\u00e3o m\u00e9dica em outros pa\u00edses; pessoas, por ocasi\u00e3o de convoca\u00e7\u00e3o ou transfer\u00eancia de localidade de trabalho em outros pa\u00edses. Para a imuniza\u00e7\u00e3o, a pessoa deve ter, obrigatoriamente, viagem marcada para o segundo semestre de 2021.<\/p>\n<p>\u00c9 importante destacar que, em todas as especificidades citadas, a pessoa deve apresentar comprova\u00e7\u00e3o expressa da necessidade da imuniza\u00e7\u00e3o em declara\u00e7\u00e3o emitida pela outra parte, seja a institui\u00e7\u00e3o de ensino, para estudantes e pesquisadores, o empregador (empresa), para demais trabalhadores, e o servi\u00e7o de sa\u00fade ou o m\u00e9dico que acompanha o paciente, em casos de necessidade m\u00e9dica.<\/p>\n<p><b>S\u00cdNDROME PEDI\u00c1TRICA &#8211;<\/b>\u00a0A SES-PE informa que foi notificada de mais tr\u00eas casos da S\u00edndrome Inflamat\u00f3ria Multissist\u00eamica (SIM-P). As ocorr\u00eancias envolvem duas crian\u00e7as de 1 ano e uma de 8, sendo 2 do sexo masculino e 1 do feminino. Elas adoeceram entre os meses de mar\u00e7o e maio e j\u00e1 evolu\u00edram para cura e alta hospitalar. As crian\u00e7as s\u00e3o dos munic\u00edpios do Recife, Jaboat\u00e3o dos Guararapes e Carpina.<\/p>\n<p>Com estes casos, Pernambuco soma 34 ocorr\u00eancias da SIM-P. Dessas, 32 evolu\u00edram para cura e alta hospitalar e 2 vieram a \u00f3bito. Do total, 33 tiveram resultado positivo para Covid-19 e 1 teve contato comprovado com pessoas confirmadas para o novo coronav\u00edrus (crit\u00e9rio cl\u00ednico epidemiol\u00f3gico). Dos casos registrados at\u00e9 o momento, 20 s\u00e3o do sexo masculino e 14 do feminino, com idades entre 1 e 14 anos.<\/p>\n<p>Dos 34 casos, 31 s\u00e3o de Pernambuco &#8211; Recife (8, entre eles os 2 \u00f3bitos), Caruaru (3), Ipojuca (1), Jaboat\u00e3o dos Guararapes (4), Goiana (1), Sirinha\u00e9m (1), Joaquim Nabuco (1), Limoeiro (1), Timba\u00faba (1), Flores (1), Nazar\u00e9 da Mata (1), Santa Cruz do Capibaribe (1), Vit\u00f3ria de Santo Ant\u00e3o (1), Serra Talhada (1), Sert\u00e2nia (1) e Paulista (2), Petrolina (1) e Carpina (1) &#8211; e 3 de outros estados (Alagoas, Piau\u00ed e Para\u00edba), mas que procuraram atendimento m\u00e9dico no Estado.<\/p>\n<p><b>BALAN\u00c7O DA VACINA\u00c7\u00c3O &#8211;<\/b>\u00a0Pernambuco j\u00e1 aplicou 6.144.154 doses de vacinas contra a Covid-19 na sua popula\u00e7\u00e3o, desde o in\u00edcio da campanha de imuniza\u00e7\u00e3o no Estado. Desse total, 1.766.503 pernambucanos completaram seus esquemas vacinais, sendo 1.599.341 pessoas que foram vacinadas com imunizantes aplicados em duas doses e outros 167.162 pernambucanos que foram contemplados com vacina aplicada em dose \u00fanica.<\/p>\n<p>Em rela\u00e7\u00e3o \u00e0s primeiras doses, foram 4.377.651 aplica\u00e7\u00f5es. Ao todo, foram feitas a primeira dose em 318.993 trabalhadores de sa\u00fade; 26.147 povos ind\u00edgenas aldeados; 44.362 em comunidades quilombolas; 7.700 idosos em Institui\u00e7\u00f5es de Longa Perman\u00eancia; 677.602 idosos de 60 a 69 anos; 603.168 idosos de 70 e mais; 2.463 pessoas com defici\u00eancia institucionalizadas; 421.495 pessoas com comorbidades; 34.393 pessoas com defici\u00eancia permanente; 67.670 gestantes e pu\u00e9rperas; 402.101 trabalhadores de servi\u00e7os essenciais; 1.935 pessoas em situa\u00e7\u00e3o de rua; 30.946 pessoas privadas de liberdade, al\u00e9m de 1.738.676 pessoas de 18 a 59 anos.<\/p>\n<p>Em rela\u00e7\u00e3o \u00e0s segundas doses, j\u00e1 foram beneficiados 253.887 trabalhadores de sa\u00fade; 25.974 povos ind\u00edgenas aldeados; 36.411 em comunidades quilombolas; 5.943 idosos institucionalizados; 532.043 idosos de 60 a 69 anos; 516.196 idosos de 70 anos e mais; 1.191 pessoas com defici\u00eancia institucionalizadas; 100.026 pessoas com comorbidades; 4.263 pessoas com defici\u00eancia permanente; 3.086 gestantes e pu\u00e9rperas; 34.724 trabalhadores de servi\u00e7os essenciais; 168 pessoas em situa\u00e7\u00e3o de rua; 28.250 pessoas privadas de liberdade; al\u00e9m de 57.179 pessoas de 18 a 59 anos, totalizando 1.599.341 pernambucanos.<\/p>\n<p>Em rela\u00e7\u00e3o \u00e0 dose \u00fanica, foram beneficiadas 2.111 idosos de 60 a 69 anos; 502 idosos de 70 anos e mais; 2.502 pessoas com comorbidades; 373 pessoas com defici\u00eancia permanente; 12.199 trabalhadores de servi\u00e7os essenciais; 952 pessoas em situa\u00e7\u00e3o de rua, al\u00e9m de 148.523 pessoas de 18 a 59 anos.<\/p>\n<p>Foto: HMV\/Divulga\u00e7\u00e3o.<\/p>\n","protected":false},"excerpt":{"rendered":"<p>A Secretaria Estadual de Sa\u00fade (SES-PE) registrou, nesta quarta-feira (04\/08), 738 casos da Covid-19. Entre os confirmados hoje, 83 (11%)&hellip;<\/p>\n","protected":false},"author":1,"featured_media":72880,"comment_status":"open","ping_status":"open","sticky":false,"template":"","format":"standard","meta":{"footnotes":""},"categories":[14120],"tags":[2,19532,1950,19670,22366],"class_list":["post-72879","post","type-post","status-publish","format-standard","has-post-thumbnail","hentry","category-noticias","tag-blog-do-edvaldo-magalhaes","tag-blog-mais-acessado-e-visualizado-de-caruaru-e-regiao","tag-noticias-de-caruaru","tag-novo-coronavirus","tag-pernambuco-ultrapassa-marca-de-520-mil-recuperados-da-covid-19"],"_links":{"self":[{"href":"https:\/\/blogdoedvaldomagalhaes.com.br\/index.php\/wp-json\/wp\/v2\/posts\/72879","targetHints":{"allow":["GET"]}}],"collection":[{"href":"https:\/\/blogdoedvaldomagalhaes.com.br\/index.php\/wp-json\/wp\/v2\/posts"}],"about":[{"href":"https:\/\/blogdoedvaldomagalhaes.com.br\/index.php\/wp-json\/wp\/v2\/types\/post"}],"author":[{"embeddable":true,"href":"https:\/\/blogdoedvaldomagalhaes.com.br\/index.php\/wp-json\/wp\/v2\/users\/1"}],"replies":[{"embeddable":true,"href":"https:\/\/blogdoedvaldomagalhaes.com.br\/index.php\/wp-json\/wp\/v2\/comments?post=72879"}],"version-history":[{"count":1,"href":"https:\/\/blogdoedvaldomagalhaes.com.br\/index.php\/wp-json\/wp\/v2\/posts\/72879\/revisions"}],"predecessor-version":[{"id":72881,"href":"https:\/\/blogdoedvaldomagalhaes.com.br\/index.php\/wp-json\/wp\/v2\/posts\/72879\/revisions\/72881"}],"wp:featuredmedia":[{"embeddable":true,"href":"https:\/\/blogdoedvaldomagalhaes.com.br\/index.php\/wp-json\/wp\/v2\/media\/72880"}],"wp:attachment":[{"href":"https:\/\/blogdoedvaldomagalhaes.com.br\/index.php\/wp-json\/wp\/v2\/media?parent=72879"}],"wp:term":[{"taxonomy":"category","embeddable":true,"href":"https:\/\/blogdoedvaldomagalhaes.com.br\/index.php\/wp-json\/wp\/v2\/categories?post=72879"},{"taxonomy":"post_tag","embeddable":true,"href":"https:\/\/blogdoedvaldomagalhaes.com.br\/index.php\/wp-json\/wp\/v2\/tags?post=72879"}],"curies":[{"name":"wp","href":"https:\/\/api.w.org\/{rel}","templated":true}]}}