{"id":7287,"date":"2016-12-23T02:50:00","date_gmt":"2016-12-23T04:50:00","guid":{"rendered":"http:\/\/blogdoedvaldomagalhaes.com.br\/index.php\/2016\/12\/23\/solange-almeida-vai-sair-do-avioes-do\/"},"modified":"2019-02-09T01:11:26","modified_gmt":"2019-02-09T03:11:26","slug":"solange-almeida-vai-sair-do-avioes-do","status":"publish","type":"post","link":"https:\/\/blogdoedvaldomagalhaes.com.br\/index.php\/2016\/12\/23\/solange-almeida-vai-sair-do-avioes-do\/","title":{"rendered":"Solange Almeida vai sair do Avi\u00f5es do Forr\u00f3 para seguir carreira solo"},"content":{"rendered":"<div class=\"separator\" style=\"clear: both; text-align: center;\">\n<a href=\"https:\/\/1.bp.blogspot.com\/-ouIt0SvTuKI\/WFyPqWBad4I\/AAAAAAAAMNQ\/2olaQcyT5KIqJnTSFq2S8_NWE7izKQ8lgCLcB\/s1600\/solange.jpg\" imageanchor=\"1\" style=\"margin-left: 1em; margin-right: 1em;\"><img loading=\"lazy\" decoding=\"async\" border=\"0\" height=\"396\" src=\"http:\/\/blogdoedvaldomagalhaes.com.br\/wp-content\/uploads\/2016\/12\/solange.jpg\" width=\"400\" \/><\/a><\/div>\n<div class=\"separator\" style=\"clear: both; text-align: center;\">\n<\/div>\n<div style=\"background-color: white; box-sizing: border-box; line-height: 26px; margin-bottom: 26px; text-align: justify;\">\n2016 \u00e9 o ano das separa\u00e7\u00f5es, mas, dessa vez, o t\u00e9rmino n\u00e3o foi de um relacionamento amoroso. Na noite desta quinta-feira (22), Solange Almeira anunciou a sa\u00edda do Avi\u00f5es do Forr\u00f3. A cantora permanece na banda at\u00e9 o Carnaval.<\/div>\n<div style=\"background-color: white; box-sizing: border-box; line-height: 26px; margin-bottom: 26px; text-align: justify;\">\nH\u00e1 algum tempo se especulava a sa\u00edda de Solange, que j\u00e1 at\u00e9 fez alguns trabalhos solos, mas, dessa vez \u00e9 pra valer. O \u00faltimo show j\u00e1 tem data e local: Dia 28 de fevereiro, no Piau\u00ed. Depois disso, Sol come\u00e7ar\u00e1 sua carreira solo. A cantora j\u00e1 tem at\u00e9 data de seu mais novo DVD marcado, ser\u00e1 no dia 8 de fevereiro. E sua m\u00fasica de trabalho j\u00e1 est\u00e1 lan\u00e7ada na internet: \u2018Duas e 23\u2019.<\/div>\n<div style=\"background-color: white; box-sizing: border-box; line-height: 26px; margin-bottom: 26px; text-align: justify;\">\nA assessoria confirmou sua sa\u00edda. \u201cEst\u00e1 confirmada a carreira solo da cantora Solange Almeida, ap\u00f3s 14 anos a frente do Avi\u00f5es do Forr\u00f3 ao lado do parceiro Xand. A artista pretende se dedicar a carreira, &nbsp;fam\u00edlia e a outros projetos pessoais. Em respeito aos s\u00f3cios, empres\u00e1rios, Xand e f\u00e3s, sua sa\u00edda foi adiada durante tr\u00eas anos e aconteceu de forma amig\u00e1vel\u201d, disse.<\/p>\n<div class=\"separator\" style=\"clear: both; text-align: center;\">\n<\/div>\n<\/div>\n","protected":false},"excerpt":{"rendered":"<p>2016 \u00e9 o ano das separa\u00e7\u00f5es, mas, dessa vez, o t\u00e9rmino n\u00e3o foi de um relacionamento amoroso. Na noite desta&hellip;<\/p>\n","protected":false},"author":1,"featured_media":0,"comment_status":"open","ping_status":"open","sticky":false,"template":"","format":"standard","meta":{"footnotes":""},"categories":[1],"tags":[2,6,10177,10178,10179],"class_list":["post-7287","post","type-post","status-publish","format-standard","hentry","category-sem-categoria","tag-blog-do-edvaldo-magalhaes","tag-noticias","tag-piaui","tag-solange-almeida-vai-sair-do-avioes-do-forro-para-seguir-carreira-solo","tag-xand"],"_links":{"self":[{"href":"https:\/\/blogdoedvaldomagalhaes.com.br\/index.php\/wp-json\/wp\/v2\/posts\/7287","targetHints":{"allow":["GET"]}}],"collection":[{"href":"https:\/\/blogdoedvaldomagalhaes.com.br\/index.php\/wp-json\/wp\/v2\/posts"}],"about":[{"href":"https:\/\/blogdoedvaldomagalhaes.com.br\/index.php\/wp-json\/wp\/v2\/types\/post"}],"author":[{"embeddable":true,"href":"https:\/\/blogdoedvaldomagalhaes.com.br\/index.php\/wp-json\/wp\/v2\/users\/1"}],"replies":[{"embeddable":true,"href":"https:\/\/blogdoedvaldomagalhaes.com.br\/index.php\/wp-json\/wp\/v2\/comments?post=7287"}],"version-history":[{"count":1,"href":"https:\/\/blogdoedvaldomagalhaes.com.br\/index.php\/wp-json\/wp\/v2\/posts\/7287\/revisions"}],"predecessor-version":[{"id":15370,"href":"https:\/\/blogdoedvaldomagalhaes.com.br\/index.php\/wp-json\/wp\/v2\/posts\/7287\/revisions\/15370"}],"wp:attachment":[{"href":"https:\/\/blogdoedvaldomagalhaes.com.br\/index.php\/wp-json\/wp\/v2\/media?parent=7287"}],"wp:term":[{"taxonomy":"category","embeddable":true,"href":"https:\/\/blogdoedvaldomagalhaes.com.br\/index.php\/wp-json\/wp\/v2\/categories?post=7287"},{"taxonomy":"post_tag","embeddable":true,"href":"https:\/\/blogdoedvaldomagalhaes.com.br\/index.php\/wp-json\/wp\/v2\/tags?post=7287"}],"curies":[{"name":"wp","href":"https:\/\/api.w.org\/{rel}","templated":true}]}}