{"id":7286,"date":"2016-12-23T16:58:00","date_gmt":"2016-12-23T18:58:00","guid":{"rendered":"http:\/\/blogdoedvaldomagalhaes.com.br\/index.php\/2016\/12\/23\/ex-presidiario-assassinado-na-zona-5\/"},"modified":"2019-02-09T01:11:26","modified_gmt":"2019-02-09T03:11:26","slug":"ex-presidiario-assassinado-na-zona-5","status":"publish","type":"post","link":"https:\/\/blogdoedvaldomagalhaes.com.br\/index.php\/2016\/12\/23\/ex-presidiario-assassinado-na-zona-5\/","title":{"rendered":"Ex-presidi\u00e1rio assassinado na zona rural de Caruaru"},"content":{"rendered":"<div class=\"separator\" style=\"clear: both; text-align: center;\">\n<a href=\"https:\/\/3.bp.blogspot.com\/-aicisTVb__k\/WF1Wk_tIYqI\/AAAAAAAAMNo\/TD4GK2dt4o8nKHKmjCv0e8o_pro9-VAiwCLcB\/s1600\/crime%2B12.jpeg\" imageanchor=\"1\" style=\"margin-left: 1em; margin-right: 1em;\"><img loading=\"lazy\" decoding=\"async\" border=\"0\" height=\"225\" src=\"http:\/\/blogdoedvaldomagalhaes.com.br\/wp-content\/uploads\/2016\/12\/crime12.jpeg\" width=\"400\" \/><\/a><\/div>\n<p><\/p>\n<div class=\"separator\" style=\"clear: both; text-align: center;\">\n<a href=\"https:\/\/4.bp.blogspot.com\/-FABmfu3WBl8\/WF1WmduHUMI\/AAAAAAAAMNs\/JXWTpdUwJ58TEB92en6x3OXoMYNGnY43wCLcB\/s1600\/crimew%2B2.JPG\" imageanchor=\"1\" style=\"margin-left: 1em; margin-right: 1em;\"><img loading=\"lazy\" decoding=\"async\" border=\"0\" height=\"265\" src=\"http:\/\/blogdoedvaldomagalhaes.com.br\/wp-content\/uploads\/2016\/12\/crimew2.jpg\" width=\"400\" \/><\/a><\/div>\n<div class=\"separator\" style=\"clear: both; text-align: center;\">\nFotos: Adielson Galv\u00e3o<\/div>\n<div class=\"MsoNormal\" style=\"background-color: white; color: #222222; font-family: Arial, Tahoma, Helvetica, FreeSans, sans-serif; font-size: 13.2px; text-align: justify;\">\n<\/div>\n<div class=\"MsoNormal\" style=\"background-color: white; color: #222222; font-family: Arial, Tahoma, Helvetica, FreeSans, sans-serif; font-size: 13.2px; text-align: justify;\">\n<div class=\"MsoNormal\" style=\"background-attachment: initial; background-clip: initial; background-image: initial; background-origin: initial; background-position: initial; background-repeat: initial; background-size: initial; line-height: normal; margin-bottom: 0.0001pt;\">\nO ex-presidi\u00e1rio&nbsp;Jos\u00e9 C\u00edcero<br \/>\nPereira da Silva, de 34 anos, foi assassinado a tiros na porta da pr\u00f3pria<br \/>\nresid\u00eancia na manh\u00e3 desta sexta-feira (23) no S\u00edtio Taquara de S\u00e3o Pedro, na<br \/>\nzona rural de Caruaru. Ele estava indo pra casa guiando a sua motocicleta<br \/>\nquando foi seguido por elementos em um ve\u00edculo de placa e modelo n\u00e3o anotados<br \/>\nque o executaram com v\u00e1rios tiros.<\/div>\n<div class=\"MsoNormal\" style=\"background-attachment: initial; background-clip: initial; background-image: initial; background-origin: initial; background-position: initial; background-repeat: initial; background-size: initial; line-height: normal; margin-bottom: 0.0001pt;\">\n<\/div>\n<div class=\"MsoNormal\" style=\"background-attachment: initial; background-clip: initial; background-image: initial; background-origin: initial; background-position: initial; background-repeat: initial; background-size: initial; line-height: normal; margin-bottom: 0.0001pt;\">\nJos\u00e9 C\u00edcero, j\u00e1 foi preso por tr\u00e1fico<br \/>\ne tamb\u00e9m j\u00e1 respondeu por homic\u00eddio cometido no Parque 18 de Maio e a Pol\u00edcia<br \/>\nCivil est\u00e1 investigando o caso, inclusive se ele foi morto numa vingan\u00e7a pelo<br \/>\nhomic\u00eddio que cometeu.<\/div>\n<div class=\"MsoNormal\" style=\"background-attachment: initial; background-clip: initial; background-image: initial; background-origin: initial; background-position: initial; background-repeat: initial; background-size: initial; line-height: normal; margin-bottom: 0.0001pt;\">\n<\/div>\n<div class=\"MsoNormal\" style=\"background-attachment: initial; background-clip: initial; background-image: initial; background-origin: initial; background-position: initial; background-repeat: initial; background-size: initial; line-height: normal; margin-bottom: 0.0001pt;\">\nEste foi o 13\u00ba homic\u00eddio do m\u00eas de dezembro e o 224\u00ba do ano em Caruaru e o corpo foi encaminhado para o IML local.<\/div>\n<\/div>\n","protected":false},"excerpt":{"rendered":"<p>Fotos: Adielson Galv\u00e3o O ex-presidi\u00e1rio&nbsp;Jos\u00e9 C\u00edcero Pereira da Silva, de 34 anos, foi assassinado a tiros na porta da pr\u00f3pria&hellip;<\/p>\n","protected":false},"author":1,"featured_media":0,"comment_status":"open","ping_status":"open","sticky":false,"template":"","format":"standard","meta":{"footnotes":""},"categories":[1],"tags":[2,5429,3119,13,9638,5404],"class_list":["post-7286","post","type-post","status-publish","format-standard","hentry","category-sem-categoria","tag-blog-do-edvaldo-magalhaes","tag-ex-presidiario-assassinado-na-zona-rural-de-caruaru","tag-policia-civil","tag-policial","tag-sitio-taquara-de-sao-pedro","tag-zona-rural-de-caruaru"],"_links":{"self":[{"href":"https:\/\/blogdoedvaldomagalhaes.com.br\/index.php\/wp-json\/wp\/v2\/posts\/7286","targetHints":{"allow":["GET"]}}],"collection":[{"href":"https:\/\/blogdoedvaldomagalhaes.com.br\/index.php\/wp-json\/wp\/v2\/posts"}],"about":[{"href":"https:\/\/blogdoedvaldomagalhaes.com.br\/index.php\/wp-json\/wp\/v2\/types\/post"}],"author":[{"embeddable":true,"href":"https:\/\/blogdoedvaldomagalhaes.com.br\/index.php\/wp-json\/wp\/v2\/users\/1"}],"replies":[{"embeddable":true,"href":"https:\/\/blogdoedvaldomagalhaes.com.br\/index.php\/wp-json\/wp\/v2\/comments?post=7286"}],"version-history":[{"count":1,"href":"https:\/\/blogdoedvaldomagalhaes.com.br\/index.php\/wp-json\/wp\/v2\/posts\/7286\/revisions"}],"predecessor-version":[{"id":15373,"href":"https:\/\/blogdoedvaldomagalhaes.com.br\/index.php\/wp-json\/wp\/v2\/posts\/7286\/revisions\/15373"}],"wp:attachment":[{"href":"https:\/\/blogdoedvaldomagalhaes.com.br\/index.php\/wp-json\/wp\/v2\/media?parent=7286"}],"wp:term":[{"taxonomy":"category","embeddable":true,"href":"https:\/\/blogdoedvaldomagalhaes.com.br\/index.php\/wp-json\/wp\/v2\/categories?post=7286"},{"taxonomy":"post_tag","embeddable":true,"href":"https:\/\/blogdoedvaldomagalhaes.com.br\/index.php\/wp-json\/wp\/v2\/tags?post=7286"}],"curies":[{"name":"wp","href":"https:\/\/api.w.org\/{rel}","templated":true}]}}